{"id":53229,"date":"2012-10-21T00:00:00","date_gmt":"2012-10-21T04:00:00","guid":{"rendered":"http:\/\/www.noticel.com\/vida\/20121021\/vargas-llosa-critica-los-ataques-contra-la-identidad-personal-en-internet\/"},"modified":"2025-07-24T09:55:48","modified_gmt":"2025-07-24T09:55:48","slug":"vargas-llosa-critica-los-ataques-contra-la-identidad-personal-en-internet","status":"publish","type":"post","link":"https:\/\/noticel.com\/en\/vida-y-bienestar\/20121021\/vargas-llosa-critica-los-ataques-contra-la-identidad-personal-en-internet\/","title":{"rendered":"Vargas Llosa critica los ataques contra la identidad personal en Internet"},"content":{"rendered":"<p>El escritor peruano Mario Vargas Llosa critic\u00f3 hoy, en una columna publicada en Lima, los ataques contra la identidad de figuras conocidas que cualquier persona puede cometer en Internet, sin que las v\u00edctimas tengan la posibilidad de defenderse.<\/p>\n<p>&#8216;Vivimos en una \u00e9poca en que aquello que cre\u00edamos el \u00faltimo reducto de la libertad, la identidad personal, es decir, lo que hemos llegado a ser mediante nuestras acciones, decisiones, creencias, aquello que cristaliza nuestra trayectoria vital, ya no nos pertenece sino de una manera muy provisional y precaria&#8217;, se\u00f1al\u00f3 el premio Nobel de Literatura del 2010.<\/p>\n<p>Vargas Llosa hizo menci\u00f3n, en el art\u00edculo publicado en el diario La Rep\u00fablica, a dos escritos que figuran en Internet con su firma (&#8216;Elogio a la mujer&#8217; y &#8216;S\u00ed, lloro por ti Argentina&#8217;) que no fueron obra suya, aunque utilizan extractos de frases acu\u00f1adas por el literato.<\/p><div class=\"notic-content-middle\" id=\"notic-2588417063\"><div class=\"notic-adlabel\">Advertisements<\/div><a data-no-instant=\"1\" href=\"https:\/\/www.asegurate-bien.com\/\" rel=\"noopener\" class=\"a2t-link\" target=\"_blank\" aria-label=\"Acodese-Adaptaciones-Noticel-300&#215;250\"><img loading=\"lazy\" decoding=\"async\" src=\"https:\/\/cdn.noticel.com\/2026\/05\/30094423\/Acodese-Adaptaciones-Noticel-300x250-1.jpg\" alt=\"\"  srcset=\"https:\/\/cdn.noticel.com\/2026\/05\/30094423\/Acodese-Adaptaciones-Noticel-300x250-1.jpg 300w, https:\/\/cdn.noticel.com\/2026\/05\/30094423\/Acodese-Adaptaciones-Noticel-300x250-1-14x12.jpg 14w\" sizes=\"(max-width: 300px) 100vw, 300px\" width=\"300\" height=\"250\"   \/><\/a><\/div>\n<p>Seg\u00fan el escritor, la revoluci\u00f3n tecnol\u00f3gica audiovisual que ha impulsado las comunicaciones ha tenido, &#8216;como perverso e impremeditado efecto, el de poner en manos de la canalla intelectual y pol\u00edtica, del resentido, el envidioso, el acomplejado, el imb\u00e9cil o simplemente el aburrido, un arma que le permite violar y manipular lo que hasta ahora parec\u00eda el \u00faltimo santuario sacrosanto del individuo: su identidad&#8217;.<\/p>\n<p>Vargas Llosa, que record\u00f3 tambi\u00e9n la batalla del novelista estadounidense Philip Roth para que Wikipedia corrija una semblanza suya en Internet, agreg\u00f3 que &#8216;lo peor del caso es que estas operaciones delictivas ni siquiera resultan de una conspiraci\u00f3n pol\u00edtica o empresarial, o cultural, sino, m\u00e1s pedestremente, de pobres diablos que tratan de combatir el tedio o la pavorosa sequedad de sus vidas&#8217;.<\/p>\n<p>El autor conf\u00eda en que este enemigo de la libertad ser\u00e1 derrotado, a la larga, pero teme que probablemente no llegar\u00e1 a celebrar esa victoria.<\/p>","protected":false},"excerpt":{"rendered":"<p>El escritor peruano Mario Vargas Llosa critic\u00f3 hoy, en una columna publicada en Lima, los ataques contra la identidad de figuras conocidas que cualquier persona puede cometer en Internet, sin que las v\u00edctimas tengan la posibilidad de defenderse. &#8216;Vivimos en una \u00e9poca en que aquello que cre\u00edamos el \u00faltimo reducto de la libertad, la identidad [&hellip;]<\/p>","protected":false},"author":0,"featured_media":570356,"comment_status":"closed","ping_status":"closed","sticky":false,"template":"","format":"standard","meta":{"_acf_changed":false,"_monsterinsights_skip_tracking":false,"ep_exclude_from_search":false,"footnotes":""},"categories":[69],"tags":[],"class_list":["post-53229","post","type-post","status-publish","format-standard","has-post-thumbnail","hentry","category-vida-y-bienestar"],"acf":[],"aioseo_notices":[],"_links":{"self":[{"href":"https:\/\/noticel.com\/en\/wp-json\/wp\/v2\/posts\/53229","targetHints":{"allow":["GET"]}}],"collection":[{"href":"https:\/\/noticel.com\/en\/wp-json\/wp\/v2\/posts"}],"about":[{"href":"https:\/\/noticel.com\/en\/wp-json\/wp\/v2\/types\/post"}],"replies":[{"embeddable":true,"href":"https:\/\/noticel.com\/en\/wp-json\/wp\/v2\/comments?post=53229"}],"version-history":[{"count":1,"href":"https:\/\/noticel.com\/en\/wp-json\/wp\/v2\/posts\/53229\/revisions"}],"predecessor-version":[{"id":570367,"href":"https:\/\/noticel.com\/en\/wp-json\/wp\/v2\/posts\/53229\/revisions\/570367"}],"wp:featuredmedia":[{"embeddable":true,"href":"https:\/\/noticel.com\/en\/wp-json\/wp\/v2\/media\/570356"}],"wp:attachment":[{"href":"https:\/\/noticel.com\/en\/wp-json\/wp\/v2\/media?parent=53229"}],"wp:term":[{"taxonomy":"category","embeddable":true,"href":"https:\/\/noticel.com\/en\/wp-json\/wp\/v2\/categories?post=53229"},{"taxonomy":"post_tag","embeddable":true,"href":"https:\/\/noticel.com\/en\/wp-json\/wp\/v2\/tags?post=53229"}],"curies":[{"name":"wp","href":"https:\/\/api.w.org\/{rel}","templated":true}]}}