{"id":52976,"date":"2011-08-31T00:00:00","date_gmt":"2011-08-31T04:00:00","guid":{"rendered":"http:\/\/www.noticel.com\/mundo\/20110831\/pensiones-para-14-de-los-33-mineros-chilenos\/"},"modified":"2025-08-28T21:17:44","modified_gmt":"2025-08-28T21:17:44","slug":"pensiones-para-14-de-los-33-mineros-chilenos","status":"publish","type":"post","link":"https:\/\/noticel.com\/en\/noticias\/mundo\/20110831\/pensiones-para-14-de-los-33-mineros-chilenos\/","title":{"rendered":"Pensiones para 14 de los 33 mineros chilenos"},"content":{"rendered":"<p>El gobierno de Chile concedi\u00f3 pensiones de gracia a 14 de los 33 mineros que sobrevivieron tras quedar atrapados durante m\u00e1s de dos meses en la mina San Jos\u00e9 de Copiap\u00f3, en el desierto de Atacama.<\/p>\n<p>Cada uno recibir\u00e1 aproximadamente 530 d\u00f3lares mensuales por haber quedado &#8216;en una situaci\u00f3n de salud invalidante para el trabajo&#8217;, aunque tambi\u00e9n se ha tenido en cuenta la edad y la opini\u00f3n de los propios trabajadores, publica BBC Mundo.<\/p><div class=\"notic-content-middle\" id=\"notic-1839861887\"><div class=\"notic-adlabel\">Advertisements<\/div><a data-no-instant=\"1\" href=\"https:\/\/www.asegurate-bien.com\/\" rel=\"noopener\" class=\"a2t-link\" target=\"_blank\" aria-label=\"Acodese-Adaptaciones-Noticel-300&#215;600\"><img loading=\"lazy\" decoding=\"async\" src=\"https:\/\/cdn.noticel.com\/2026\/05\/30094652\/Acodese-Adaptaciones-Noticel-300x600-1.jpg\" alt=\"\"  srcset=\"https:\/\/cdn.noticel.com\/2026\/05\/30094652\/Acodese-Adaptaciones-Noticel-300x600-1.jpg 300w, https:\/\/cdn.noticel.com\/2026\/05\/30094652\/Acodese-Adaptaciones-Noticel-300x600-1-150x300.jpg 150w, https:\/\/cdn.noticel.com\/2026\/05\/30094652\/Acodese-Adaptaciones-Noticel-300x600-1-6x12.jpg 6w\" sizes=\"(max-width: 300px) 100vw, 300px\" width=\"300\" height=\"600\"   \/><\/a><\/div>\n<p>&#8216;Ahora los vemos a todos vivos y los vemos bien. Pero este trauma no fue gratis. Ellos se hicieron famosos por una desgracia que a\u00fan les ocasiona secuelas&#8217;, dijo la primera dama, Cecilia Morel, quien estuvo a cargo del acto de entrega.<\/p>","protected":false},"excerpt":{"rendered":"<p>El gobierno de Chile concedi\u00f3 pensiones de gracia a 14 de los 33 mineros que sobrevivieron tras quedar atrapados durante m\u00e1s de dos meses en la mina San Jos\u00e9 de Copiap\u00f3, en el desierto de Atacama. Cada uno recibir\u00e1 aproximadamente 530 d\u00f3lares mensuales por haber quedado &#8216;en una situaci\u00f3n de salud invalidante para el trabajo&#8217;, [&hellip;]<\/p>","protected":false},"author":0,"featured_media":927894,"comment_status":"closed","ping_status":"closed","sticky":false,"template":"","format":"standard","meta":{"_acf_changed":false,"_monsterinsights_skip_tracking":false,"ep_exclude_from_search":false,"footnotes":""},"categories":[17],"tags":[],"class_list":["post-52976","post","type-post","status-publish","format-standard","has-post-thumbnail","hentry","category-mundo"],"acf":[],"aioseo_notices":[],"_links":{"self":[{"href":"https:\/\/noticel.com\/en\/wp-json\/wp\/v2\/posts\/52976","targetHints":{"allow":["GET"]}}],"collection":[{"href":"https:\/\/noticel.com\/en\/wp-json\/wp\/v2\/posts"}],"about":[{"href":"https:\/\/noticel.com\/en\/wp-json\/wp\/v2\/types\/post"}],"replies":[{"embeddable":true,"href":"https:\/\/noticel.com\/en\/wp-json\/wp\/v2\/comments?post=52976"}],"version-history":[{"count":1,"href":"https:\/\/noticel.com\/en\/wp-json\/wp\/v2\/posts\/52976\/revisions"}],"predecessor-version":[{"id":927927,"href":"https:\/\/noticel.com\/en\/wp-json\/wp\/v2\/posts\/52976\/revisions\/927927"}],"wp:featuredmedia":[{"embeddable":true,"href":"https:\/\/noticel.com\/en\/wp-json\/wp\/v2\/media\/927894"}],"wp:attachment":[{"href":"https:\/\/noticel.com\/en\/wp-json\/wp\/v2\/media?parent=52976"}],"wp:term":[{"taxonomy":"category","embeddable":true,"href":"https:\/\/noticel.com\/en\/wp-json\/wp\/v2\/categories?post=52976"},{"taxonomy":"post_tag","embeddable":true,"href":"https:\/\/noticel.com\/en\/wp-json\/wp\/v2\/tags?post=52976"}],"curies":[{"name":"wp","href":"https:\/\/api.w.org\/{rel}","templated":true}]}}