{"id":52905,"date":"2013-01-17T00:00:00","date_gmt":"2013-01-17T04:00:00","guid":{"rendered":"http:\/\/www.noticel.com\/ahora\/20130117\/cautelosos-estudiantes-por-expresiones-de-fortaleza-sobre-cuota\/"},"modified":"2025-07-18T09:38:40","modified_gmt":"2025-07-18T09:38:40","slug":"cautelosos-estudiantes-por-expresiones-de-fortaleza-sobre-cuota","status":"publish","type":"post","link":"https:\/\/noticel.com\/en\/ultima-hora\/20130117\/cautelosos-estudiantes-por-expresiones-de-fortaleza-sobre-cuota\/","title":{"rendered":"Cautelosos estudiantes por expresiones de Fortaleza sobre cuota"},"content":{"rendered":"<p>El Consejo General de Estudiantes (CGE) de la Universidad de Puerto Rico (UPR) Recinto de R\u00edo Piedras se mostr\u00f3 cauteloso el jueves ante las expresiones que hiciera el secretario de Asuntos P\u00fablicos y portavoz de la Fortaleza, Jorge Colberg Toro, respecto a la eliminaci\u00f3n de la cuota.<\/p>\n<p>&#8216;Entendemos y estamos conformes en que desde Fortaleza se haya mantenido el compromiso de campa\u00f1a del gobernador, Alejandro Garc\u00eda Padilla, en que la cuota se iba a eliminar. Sin embargo, las expresiones hechas desde Fortaleza son totalmente desacertadas cuando se refiere a la existencia de autonom\u00eda universitaria; a que debemos estar complacidos con la Junta de S\u00edndicos y con el Presidente por sus recientes declaraciones&#8217;, se\u00f1al\u00f3 \u00c1lvaro Moreno \u00c1vila, presidente del Consejo General de Estudiantes.<\/p>\n<p>El jueves trascendi\u00f3 que Colberg Toro asegur\u00f3 que el gobierno de turno hace las gestiones para identificar el dinero necesario y devolverles a los estudiantes lo que pagaron por concepto de la cuota de 800 d\u00f3lares impuesta por la administraci\u00f3n pasada. Las expresiones se dieron con una aceptaci\u00f3n de que Garc\u00eda Padilla no ha podido eliminar la cuota, como prometi\u00f3 en su campa\u00f1a.<\/p>\n<p>A juicio del organismo estudiantil, las expresiones de Colberg Toro, denotan la necesidad que hay de que el gobernador se re\u00fana con la comunidad universitaria, que ya ha presentado alternativas y cambios que se deben dar inmediatamente para comenzar a fortalecer las finanzas institucionales y la autonom\u00eda universitaria.<\/p><div class=\"notic-content-middle\" id=\"notic-566619029\"><div class=\"notic-adlabel\">Advertisements<\/div><a data-no-instant=\"1\" href=\"https:\/\/www.cst.pr.gov\/\" rel=\"noopener\" class=\"a2t-link\" target=\"_blank\" aria-label=\"970&#215;90\"><img loading=\"lazy\" decoding=\"async\" src=\"https:\/\/cdn.noticel.com\/2026\/09\/02203812\/970x90.jpg\" alt=\"\"  srcset=\"https:\/\/cdn.noticel.com\/2026\/09\/02203812\/970x90.jpg 970w, https:\/\/cdn.noticel.com\/2026\/09\/02203812\/970x90-300x28.jpg 300w, https:\/\/cdn.noticel.com\/2026\/09\/02203812\/970x90-768x71.jpg 768w, https:\/\/cdn.noticel.com\/2026\/09\/02203812\/970x90-18x2.jpg 18w\" sizes=\"(max-width: 970px) 100vw, 970px\" width=\"970\" height=\"90\"   \/><\/a><\/div>\n<p>&#8216;Los compa\u00f1eros de la Confederaci\u00f3n Estudiantil Nacional le ofrecieron p\u00fablicamente al gobernador, una alternativa para que la cuota pueda ser devuelta inmediatamente a los estudiantes ya que los fondos est\u00e1n destinados al fondo de becas, que por tecnicismos de la ley que las asigna, no benefician al grueso del estudiantado. Nuestra propuesta es que, tal y como plante\u00f3 hoy el representante To\u00f1ito Silva, se nos quiten esos fondos de Becas, se le asignen directamente al presupuesto general de la UPR y surja de la instituci\u00f3n universitaria el reembolso a todas aquellas personas que ya pagaron su matr\u00edcula&#8217;, se\u00f1al\u00f3 uno de los representantes estudiantiles ante la Junta Evaluadora del Fondo Especial para Becas de la UPR, An\u00edbal Y. L\u00f3pez Correa.<\/p>\n<p>A juicio de L\u00f3pez Correa, tambi\u00e9n estudiante de maestr\u00eda en la Facultad de Educaci\u00f3n, Colberg Toro necesita comprender con m\u00e1s detalles la gravedad que es para la comunidad universitaria el que se mantenga la estructura de la Junta de S\u00edndicos tal y como est\u00e1.<\/p>\n<p>Por su parte, el representante ante la Junta Administrativa \u00c1ngel L. Rosado Rivera destac\u00f3 que &#8216;el presupuesto de la Universidad de Puerto Rico para este a\u00f1o fiscal incluye un aumento de sobre 50 millones de d\u00f3lares por conducto de la f\u00f3rmula que se nutre del fondo general del Gobierno de Puerto Rico. Adem\u00e1s, la pol\u00edtica de congelaci\u00f3n de plazas docentes y no docentes ha supuesto ahorros de sobre 12 millones en el caso del Recinto de R\u00edo Piedras y esos fondos en su mayor\u00eda se mantienen bajo la custodia de Administraci\u00f3n Central.&#8217;<\/p>\n<p>En las vistas de transici\u00f3n del Gobierno sali\u00f3 a relucir que la UPR ha ahorrado sobre 100 millones de d\u00f3lares en los \u00faltimos dos a\u00f1os. Seg\u00fan los estudiantes, estos ahorros permiten a la administraci\u00f3n universitaria disponer de los recursos necesarios para eliminar la cuota y mejorar el sistema educativo sin imponer otro arbitrio a la comunidad universitaria.<\/p>","protected":false},"excerpt":{"rendered":"<p>El Consejo General de Estudiantes (CGE) de la Universidad de Puerto Rico (UPR) Recinto de R\u00edo Piedras se mostr\u00f3 cauteloso el jueves ante las expresiones que hiciera el secretario de Asuntos P\u00fablicos y portavoz de la Fortaleza, Jorge Colberg Toro, respecto a la eliminaci\u00f3n de la cuota. &#8216;Entendemos y estamos conformes en que desde Fortaleza [&hellip;]<\/p>","protected":false},"author":0,"featured_media":509385,"comment_status":"closed","ping_status":"closed","sticky":false,"template":"","format":"standard","meta":{"_acf_changed":false,"_monsterinsights_skip_tracking":false,"ep_exclude_from_search":false,"footnotes":""},"categories":[2],"tags":[],"class_list":["post-52905","post","type-post","status-publish","format-standard","has-post-thumbnail","hentry","category-ultima-hora"],"acf":[],"aioseo_notices":[],"_links":{"self":[{"href":"https:\/\/noticel.com\/en\/wp-json\/wp\/v2\/posts\/52905","targetHints":{"allow":["GET"]}}],"collection":[{"href":"https:\/\/noticel.com\/en\/wp-json\/wp\/v2\/posts"}],"about":[{"href":"https:\/\/noticel.com\/en\/wp-json\/wp\/v2\/types\/post"}],"replies":[{"embeddable":true,"href":"https:\/\/noticel.com\/en\/wp-json\/wp\/v2\/comments?post=52905"}],"version-history":[{"count":1,"href":"https:\/\/noticel.com\/en\/wp-json\/wp\/v2\/posts\/52905\/revisions"}],"predecessor-version":[{"id":509387,"href":"https:\/\/noticel.com\/en\/wp-json\/wp\/v2\/posts\/52905\/revisions\/509387"}],"wp:featuredmedia":[{"embeddable":true,"href":"https:\/\/noticel.com\/en\/wp-json\/wp\/v2\/media\/509385"}],"wp:attachment":[{"href":"https:\/\/noticel.com\/en\/wp-json\/wp\/v2\/media?parent=52905"}],"wp:term":[{"taxonomy":"category","embeddable":true,"href":"https:\/\/noticel.com\/en\/wp-json\/wp\/v2\/categories?post=52905"},{"taxonomy":"post_tag","embeddable":true,"href":"https:\/\/noticel.com\/en\/wp-json\/wp\/v2\/tags?post=52905"}],"curies":[{"name":"wp","href":"https:\/\/api.w.org\/{rel}","templated":true}]}}