{"id":52286,"date":"2015-08-19T00:00:00","date_gmt":"2015-08-19T04:00:00","guid":{"rendered":"http:\/\/www.noticel.com\/la-calle\/20150819\/roban-camion-con-rollos-de-fibra-optica-en-toa-baja\/"},"modified":"2025-07-26T18:42:11","modified_gmt":"2025-07-26T18:42:11","slug":"roban-camion-con-rollos-de-fibra-optica-en-toa-baja","status":"publish","type":"post","link":"https:\/\/noticel.com\/en\/noticias\/la-calle\/20150819\/roban-camion-con-rollos-de-fibra-optica-en-toa-baja\/","title":{"rendered":"Roban cami\u00f3n con rollos de fibra \u00f3ptica en Toa Baja"},"content":{"rendered":"<p>Las autoridades investigan el robo de un cami\u00f3n con varios rollos de fibra \u00f3ptica reportado cerca de las 2:38 de la madrugada del miercoles en la carretera PR-2 del barrio Candelaria de Toa Baja.<\/p>\n<p>Seg\u00fan el parte policiaco, un guardia de seguridad aleg\u00f3 que dos individuos enmascarados y armados bajo amenaza e intimidaci\u00f3n lo amordazaron y le agredieron en la cabeza con un arma de fuego color negra.<\/p>\n<p>Las autoridades detallaron que los sujetos se robaron el cami\u00f3n International modelo 9900 color vino oscuro y un arrastre color negro de la compa\u00f1\u00eda &#8216;Magic Transport&#8217;, dedicada al transporte de mercanc\u00eda de cable en general.<\/p>\n<p>La Uniformada indic\u00f3 que horas m\u00e1s tarde el cami\u00f3n con el arrastre fueron recuperados en la carretera PR-2, intersecci\u00f3n con la carretera PR-690. El \u00e1rea de la cabina se encontr\u00f3 parcialmente quemada y dentro del arrastre se recuperaron seis rollos de fibra \u00f3ptica.<\/p>\n<p>El agente Mej\u00edas adscrito al Distrito de Toa Baja se hizo cargo de la investigaci\u00f3n. El caso fue notificado a la Divisi\u00f3n de Robos del Cuerpo de Investigaciones Criminales (CIC) de Bayam\u00f3n.<\/p>\n<p>Se exhorta a la ciudadan\u00eda comunicarse con la Polic\u00eda de manera confidencial si conoce de la comisi\u00f3n de un delito a trav\u00e9s del 787-343-2020. Tambi\u00e9n puede mantenerse en contacto a trav\u00e9s de Twitter en @PRPDNoticias y en Facebook en www.facebook.com\/prpdgov.<\/p>","protected":false},"excerpt":{"rendered":"<p>Las autoridades investigan el robo de un cami\u00f3n con varios rollos de fibra \u00f3ptica reportado cerca de las 2:38 de la madrugada del miercoles en la carretera PR-2 del barrio Candelaria de Toa Baja. Seg\u00fan el parte policiaco, un guardia de seguridad aleg\u00f3 que dos individuos enmascarados y armados bajo amenaza e intimidaci\u00f3n lo amordazaron [&hellip;]<\/p>","protected":false},"author":0,"featured_media":584792,"comment_status":"closed","ping_status":"closed","sticky":false,"template":"","format":"standard","meta":{"_acf_changed":false,"_monsterinsights_skip_tracking":false,"ep_exclude_from_search":false,"footnotes":""},"categories":[12],"tags":[],"class_list":["post-52286","post","type-post","status-publish","format-standard","has-post-thumbnail","hentry","category-la-calle"],"acf":[],"aioseo_notices":[],"_links":{"self":[{"href":"https:\/\/noticel.com\/en\/wp-json\/wp\/v2\/posts\/52286","targetHints":{"allow":["GET"]}}],"collection":[{"href":"https:\/\/noticel.com\/en\/wp-json\/wp\/v2\/posts"}],"about":[{"href":"https:\/\/noticel.com\/en\/wp-json\/wp\/v2\/types\/post"}],"replies":[{"embeddable":true,"href":"https:\/\/noticel.com\/en\/wp-json\/wp\/v2\/comments?post=52286"}],"version-history":[{"count":1,"href":"https:\/\/noticel.com\/en\/wp-json\/wp\/v2\/posts\/52286\/revisions"}],"predecessor-version":[{"id":584810,"href":"https:\/\/noticel.com\/en\/wp-json\/wp\/v2\/posts\/52286\/revisions\/584810"}],"wp:featuredmedia":[{"embeddable":true,"href":"https:\/\/noticel.com\/en\/wp-json\/wp\/v2\/media\/584792"}],"wp:attachment":[{"href":"https:\/\/noticel.com\/en\/wp-json\/wp\/v2\/media?parent=52286"}],"wp:term":[{"taxonomy":"category","embeddable":true,"href":"https:\/\/noticel.com\/en\/wp-json\/wp\/v2\/categories?post=52286"},{"taxonomy":"post_tag","embeddable":true,"href":"https:\/\/noticel.com\/en\/wp-json\/wp\/v2\/tags?post=52286"}],"curies":[{"name":"wp","href":"https:\/\/api.w.org\/{rel}","templated":true}]}}