{"id":52044,"date":"2015-06-20T00:00:00","date_gmt":"2015-06-20T04:00:00","guid":{"rendered":"http:\/\/www.noticel.com\/la-calle\/20150620\/se-reporta-accidente-grave-en-carolina\/"},"modified":"2025-07-24T04:22:11","modified_gmt":"2025-07-24T04:22:11","slug":"se-reporta-accidente-grave-en-carolina","status":"publish","type":"post","link":"https:\/\/noticel.com\/en\/noticias\/la-calle\/20150620\/se-reporta-accidente-grave-en-carolina\/","title":{"rendered":"Se reporta accidente grave en Carolina"},"content":{"rendered":"<p>Un accidente de tr\u00e1nsito grave se report\u00f3 hoy a la 12:50 de la madrugada en la carretera #3 k.m,14.2 frente al Centro Comercial Los Colobos en Carolina.<\/p>\n<p>Seg\u00fan la investigaci\u00f3n preliminar el accidente ocurri\u00f3 mientras Jos\u00e9 Quiles L\u00f3pez de 29 a\u00f1os residente de de Vega Alta ,conduc\u00eda una motora y al llegar al kil\u00f3metro indicado , fue impactando por el auto conducido por Jeremy Gonz\u00e1lez Ayala de 24 a\u00f1os residente de Luquillo.<\/p><div class=\"notic-content-middle\" id=\"notic-1980277641\"><div class=\"notic-adlabel\">Advertisements<\/div><a data-no-instant=\"1\" href=\"https:\/\/www.asegurate-bien.com\/\" rel=\"noopener\" class=\"a2t-link\" target=\"_blank\" aria-label=\"Acodese-Adaptaciones-Noticel-300&#215;600\"><img loading=\"lazy\" decoding=\"async\" src=\"https:\/\/cdn.noticel.com\/2026\/05\/30094652\/Acodese-Adaptaciones-Noticel-300x600-1.jpg\" alt=\"\"  srcset=\"https:\/\/cdn.noticel.com\/2026\/05\/30094652\/Acodese-Adaptaciones-Noticel-300x600-1.jpg 300w, https:\/\/cdn.noticel.com\/2026\/05\/30094652\/Acodese-Adaptaciones-Noticel-300x600-1-150x300.jpg 150w, https:\/\/cdn.noticel.com\/2026\/05\/30094652\/Acodese-Adaptaciones-Noticel-300x600-1-6x12.jpg 6w\" sizes=\"(max-width: 300px) 100vw, 300px\" width=\"300\" height=\"600\"   \/><\/a><\/div>\n<p>Tras el impacto, el conductor de la motora y su pasajera Nichole Trinidad L\u00f3pez de 20 a\u00f1os salieron expulsados de la misma cayendo al pavimento. Los mismos fueron atendidos por emergencias m\u00e9dicas y transportados al Hospital de la UPR de Carolina. Jos\u00e9 se encuentra en condici\u00f3n estable y la joven en estado cr\u00edtico.<\/p>\n<p>Jeremy Gonz\u00e1lez fue transportado a la Divisi\u00f3n de Patrullas de Carreteras de Carolina donde se le practic\u00f3 la prueba de aliento arrojando .19 % de alcohol en su organismo. La Fiscal Johanna P\u00e9rez orden\u00f3 se ocuparan ambos veh\u00edculos. La agente Angeiris Cintr\u00f3n investiga.<\/p>","protected":false},"excerpt":{"rendered":"<p>Un accidente de tr\u00e1nsito grave se report\u00f3 hoy a la 12:50 de la madrugada en la carretera #3 k.m,14.2 frente al Centro Comercial Los Colobos en Carolina. Seg\u00fan la investigaci\u00f3n preliminar el accidente ocurri\u00f3 mientras Jos\u00e9 Quiles L\u00f3pez de 29 a\u00f1os residente de de Vega Alta ,conduc\u00eda una motora y al llegar al kil\u00f3metro indicado [&hellip;]<\/p>","protected":false},"author":0,"featured_media":568391,"comment_status":"closed","ping_status":"closed","sticky":false,"template":"","format":"standard","meta":{"_acf_changed":false,"_monsterinsights_skip_tracking":false,"ep_exclude_from_search":false,"footnotes":""},"categories":[12],"tags":[],"class_list":["post-52044","post","type-post","status-publish","format-standard","has-post-thumbnail","hentry","category-la-calle"],"acf":[],"aioseo_notices":[],"_links":{"self":[{"href":"https:\/\/noticel.com\/en\/wp-json\/wp\/v2\/posts\/52044","targetHints":{"allow":["GET"]}}],"collection":[{"href":"https:\/\/noticel.com\/en\/wp-json\/wp\/v2\/posts"}],"about":[{"href":"https:\/\/noticel.com\/en\/wp-json\/wp\/v2\/types\/post"}],"replies":[{"embeddable":true,"href":"https:\/\/noticel.com\/en\/wp-json\/wp\/v2\/comments?post=52044"}],"version-history":[{"count":1,"href":"https:\/\/noticel.com\/en\/wp-json\/wp\/v2\/posts\/52044\/revisions"}],"predecessor-version":[{"id":568402,"href":"https:\/\/noticel.com\/en\/wp-json\/wp\/v2\/posts\/52044\/revisions\/568402"}],"wp:featuredmedia":[{"embeddable":true,"href":"https:\/\/noticel.com\/en\/wp-json\/wp\/v2\/media\/568391"}],"wp:attachment":[{"href":"https:\/\/noticel.com\/en\/wp-json\/wp\/v2\/media?parent=52044"}],"wp:term":[{"taxonomy":"category","embeddable":true,"href":"https:\/\/noticel.com\/en\/wp-json\/wp\/v2\/categories?post=52044"},{"taxonomy":"post_tag","embeddable":true,"href":"https:\/\/noticel.com\/en\/wp-json\/wp\/v2\/tags?post=52044"}],"curies":[{"name":"wp","href":"https:\/\/api.w.org\/{rel}","templated":true}]}}