{"id":51122,"date":"2012-07-31T00:00:00","date_gmt":"2012-07-31T04:00:00","guid":{"rendered":"http:\/\/www.noticel.com\/vida\/20120731\/santini-invita-al-sofo\/"},"modified":"2025-08-27T06:30:03","modified_gmt":"2025-08-27T06:30:03","slug":"santini-invita-al-sofo","status":"publish","type":"post","link":"https:\/\/noticel.com\/en\/vida-y-bienestar\/20120731\/santini-invita-al-sofo\/","title":{"rendered":"Santini invita al SoFo"},"content":{"rendered":"<p>El alcalde de San Juan, Jorge Santini Padilla, invit\u00f3 a toda la ciudadan\u00eda, local e internacional, a la edici\u00f3n n\u00famero 19 del South Fortaleza (SoFo) Culinary Fest, que se llevar\u00e1 a cabo del 2 al 5 de agosto pr\u00f3ximo.<\/p>\n<p>En esta ocasi\u00f3n, participan 35 restaurantes y sobre 25 artesanos relacionados con el arte culinario como por ejemplo, dulces t\u00edpicos, caf\u00e9 y pique, apunt\u00f3 Santini, en conferencia de prensa, acompa\u00f1ado de la directora ejecutiva de la Corporaci\u00f3n para el Desarrollo de la Isleta de San Juan (CODEVISA), Sof\u00eda Ben\u00edtez y del productor de eventos Ram\u00f3n Gonz\u00e1lez, de la compa\u00f1\u00eda Ramones Promo Events.<\/p>\n<p>Santini destac\u00f3 que &#8216;este festival es uno reconocido, dentro y fuera de Puerto Rico, porque est\u00e1 comprobado que &#8216;la gastronom\u00eda \u2018gourmet&#8217;, la comida urbana as\u00ed como los negocios modestos que tienen gran fama por su sabor, son los que le dan proyecci\u00f3n a la Ciudad y en el Viejo San Juan, los restaurantes s\u00ed que saben de buena cocina&#8217;.<\/p>\n<p>En esta edici\u00f3n dice presente Pizzer\u00eda Pirilo, Pieria Restaurante &lt;&gt;&lt;&gt;&amp; Lounge, Trois Cent Onze, T\u00edo Danny, Rick&#8217;s Caf\u00e9, Marmalade, Siglo XX, Tantra, C.VI.CHE, el Caf\u00e9 Awilda Carbia-Mi Sushi y The Parrot Club.\/p<\/p>\n<p>pTambi\u00e9n participan Agua Viva, Dragonfly, Croichy Store, Caf\u00e9 Puerto Rico, Vaca Brava, J-Taste, Al Dente, Lupis Mexican Grill, Ra\u00edces, Mojitos, G\u00e9nesis, La Madre, Sofia&#8217;s Italian Kitchen Bar, El Cladero Sabroso, Caficultura, Old San Juan Food Court, Caf\u00e9 Berl\u00edn, Es Natural Shop &lt;&gt;&lt;&gt;&lt;&gt;&lt;&gt;&lt;&gt; Eat, Brick&#8217;Shaus, Moreno Spot, El Balc\u00f3n Moreno y Toro Salao.\/p<\/p>\n<p>pEn cuanto a la oferta musical, Santini detall\u00f3 que habr\u00e1 cinco tarimas para garantizar variedad. Estas se ubicar\u00e1n en las calles San Francisco, Fortaleza, Recinto Sur y en la Plaza Arturo Somohano.\/p<\/p>\n<p>pPor su parte, el comisionado de Seguridad de San Juan, Pablo Rodr\u00edguez, inform\u00f3 el cierre de las calles Fortaleza y San Justo, en el tramo de la San Justo hasta la Norzagaray.\/p<\/p>","protected":false},"excerpt":{"rendered":"<p>El alcalde de San Juan, Jorge Santini Padilla, invit\u00f3 a toda la ciudadan\u00eda, local e internacional, a la edici\u00f3n n\u00famero 19 del South Fortaleza (SoFo) Culinary Fest, que se llevar\u00e1 a cabo del 2 al 5 de agosto pr\u00f3ximo. En esta ocasi\u00f3n, participan 35 restaurantes y sobre 25 artesanos relacionados con el arte culinario como [&hellip;]<\/p>","protected":false},"author":0,"featured_media":916947,"comment_status":"closed","ping_status":"closed","sticky":false,"template":"","format":"standard","meta":{"_acf_changed":false,"_monsterinsights_skip_tracking":false,"ep_exclude_from_search":false,"footnotes":""},"categories":[69],"tags":[],"class_list":["post-51122","post","type-post","status-publish","format-standard","has-post-thumbnail","hentry","category-vida-y-bienestar"],"acf":[],"aioseo_notices":[],"_links":{"self":[{"href":"https:\/\/noticel.com\/en\/wp-json\/wp\/v2\/posts\/51122","targetHints":{"allow":["GET"]}}],"collection":[{"href":"https:\/\/noticel.com\/en\/wp-json\/wp\/v2\/posts"}],"about":[{"href":"https:\/\/noticel.com\/en\/wp-json\/wp\/v2\/types\/post"}],"replies":[{"embeddable":true,"href":"https:\/\/noticel.com\/en\/wp-json\/wp\/v2\/comments?post=51122"}],"version-history":[{"count":1,"href":"https:\/\/noticel.com\/en\/wp-json\/wp\/v2\/posts\/51122\/revisions"}],"predecessor-version":[{"id":916973,"href":"https:\/\/noticel.com\/en\/wp-json\/wp\/v2\/posts\/51122\/revisions\/916973"}],"wp:featuredmedia":[{"embeddable":true,"href":"https:\/\/noticel.com\/en\/wp-json\/wp\/v2\/media\/916947"}],"wp:attachment":[{"href":"https:\/\/noticel.com\/en\/wp-json\/wp\/v2\/media?parent=51122"}],"wp:term":[{"taxonomy":"category","embeddable":true,"href":"https:\/\/noticel.com\/en\/wp-json\/wp\/v2\/categories?post=51122"},{"taxonomy":"post_tag","embeddable":true,"href":"https:\/\/noticel.com\/en\/wp-json\/wp\/v2\/tags?post=51122"}],"curies":[{"name":"wp","href":"https:\/\/api.w.org\/{rel}","templated":true}]}}