{"id":50623,"date":"2017-03-09T00:00:00","date_gmt":"2017-03-09T04:00:00","guid":{"rendered":"http:\/\/www.noticel.com\/ahora\/educacion\/junta-fiscal\/20170309\/en-alerta-el-magisterio-ante-propuesta-reduccion-de-jornada\/"},"modified":"2025-07-22T23:16:09","modified_gmt":"2025-07-22T23:16:09","slug":"en-alerta-el-magisterio-ante-propuesta-reduccion-de-jornada","status":"publish","type":"post","link":"https:\/\/noticel.com\/en\/ultima-hora\/20170309\/en-alerta-el-magisterio-ante-propuesta-reduccion-de-jornada\/","title":{"rendered":"En alerta el magisterio ante propuesta reducci\u00f3n de jornada"},"content":{"rendered":"<p>La presidenta de la Asociaci\u00f3n de Maestros de Puerto Rico (AMPR), Aida D\u00edaz, catalog\u00f3 como un golpe fuerte para el magisterio la reducci\u00f3n de dos d\u00edas de jornada propuesta el miercoles por la Junta de Control Fiscal (JCF), en aras de lograr econom\u00edas en el gasto gubernamental.<\/p>\n<p>&#8216;Estamos preocupados. Ya hay maestros que se preguntan \u2018qu\u00e9 vamos a hacer&#8217;. Es un golpe muy fuerte para el magisterio, hay gente hasta llorando&#8217;, sostuvo la l\u00edder magisterial, con su \u00e1nimo afectado.<\/p>\n<p>D\u00edaz mencion\u00f3 que si el salario de los maestros, de 1,750 d\u00f3lares al mes, el cual no se revisa desde el 2008, no es suficiente, tendr\u00e1n muchos que optar por radicar quiebras, ya que no tendr\u00e1n dinero para cubrir sus gastos. Record\u00f3 que muchos pagan hasta 300 y 400 d\u00f3lares mensuales de pr\u00e9stamos que hicieron para poder pagar la carrera magisterial que se les exigi\u00f3 en el pasado. &#8216; No podr\u00e1n subsistir si se le quitan d\u00edas&#8217;, advirti\u00f3 la l\u00edder magisterial.<\/p>\n<p>Por otra parte, est\u00e1n las horas contacto con los estudiantes requeridas por ley. &#8216;Tampoco se han fijado en la educaci\u00f3n de los ni\u00f1os. La ley dice que son 180 d\u00edas de clase. Actualmente no se pueden llevar a excursiones socioeducativas por no sacarlos de las clases. Adem\u00e1s, se estar\u00eda exponiendo, a muchos de ellos, a permanecer en comunidades t\u00f3xicas, violentas. Hay muchos que la \u00fanica comida del d\u00eda es la del comedor escolar. Se van a dejar sin alimento&#8217;, lament\u00f3 D\u00edaz, quien preside el organismo que representa sindicalmente a los maestros.<\/p><div class=\"notic-content-middle\" id=\"notic-4203385280\"><div class=\"notic-adlabel\">Advertisements<\/div><a data-no-instant=\"1\" href=\"http:\/\/jackpotdelencantopr.com\" rel=\"noopener\" class=\"a2t-link\" target=\"_blank\" aria-label=\"JP-Monopoly-Launch-Noticel-300&#215;250\"><img loading=\"lazy\" decoding=\"async\" src=\"https:\/\/cdn.noticel.com\/2026\/07\/15122022\/JP-Monopoly-Launch-Noticel-300x250-1.jpg\" alt=\"\"  srcset=\"https:\/\/cdn.noticel.com\/2026\/07\/15122022\/JP-Monopoly-Launch-Noticel-300x250-1.jpg 300w, https:\/\/cdn.noticel.com\/2026\/07\/15122022\/JP-Monopoly-Launch-Noticel-300x250-1-14x12.jpg 14w\" sizes=\"(max-width: 300px) 100vw, 300px\" width=\"300\" height=\"250\"   \/><\/a><\/div>\n<p>El miercoles tarscendi\u00f3 que la Junta de Control Fiscal (JCF) propuso una reducci\u00f3n en lajornada del personal guberamental de cuatro d\u00edas al mes, y dos para los maestros.<\/p>\n<p>Por otro lado, el colectivo Educamos, reclam\u00f3 que un recorte a la jornada &#8216;puede implicar una reducci\u00f3n de $250.00 a $400.00 en el salario de cada maestra o maestro ya que adem\u00e1s de afectarse los d\u00edas regulares, acumula menos vacaciones y d\u00edas por enfermedad. Si a eso se le suma que habr\u00e1 menos escuelas, menos facilidades y materiales, por lo que el magisterio tendr\u00e1 que costear todo de su bolsillo, vamos camino a la mendicidad&#8217;.<\/p>\n<p>Asimismo denunciaron que la Junta, &#8216;viene a robarnos lo poco que nos queda: la educaci\u00f3n, la salud, el sueldo, el retiro, la seguridad y nuestro derecho a una vida digna. Esto de ahora es adicional al cierre de cientos de escuelas, al recorte de plazas que ya se hab\u00eda anunciado y a los recortes en educaci\u00f3n. Cu\u00e1ndo le recortaran el contrato a la Secretaria?&#8217;<\/p>","protected":false},"excerpt":{"rendered":"<p>La presidenta de la Asociaci\u00f3n de Maestros de Puerto Rico (AMPR), Aida D\u00edaz, catalog\u00f3 como un golpe fuerte para el magisterio la reducci\u00f3n de dos d\u00edas de jornada propuesta el miercoles por la Junta de Control Fiscal (JCF), en aras de lograr econom\u00edas en el gasto gubernamental. &#8216;Estamos preocupados. Ya hay maestros que se preguntan [&hellip;]<\/p>","protected":false},"author":0,"featured_media":560710,"comment_status":"closed","ping_status":"closed","sticky":false,"template":"","format":"standard","meta":{"_acf_changed":false,"_monsterinsights_skip_tracking":false,"ep_exclude_from_search":false,"footnotes":""},"categories":[2],"tags":[],"class_list":["post-50623","post","type-post","status-publish","format-standard","has-post-thumbnail","hentry","category-ultima-hora"],"acf":[],"aioseo_notices":[],"_links":{"self":[{"href":"https:\/\/noticel.com\/en\/wp-json\/wp\/v2\/posts\/50623","targetHints":{"allow":["GET"]}}],"collection":[{"href":"https:\/\/noticel.com\/en\/wp-json\/wp\/v2\/posts"}],"about":[{"href":"https:\/\/noticel.com\/en\/wp-json\/wp\/v2\/types\/post"}],"replies":[{"embeddable":true,"href":"https:\/\/noticel.com\/en\/wp-json\/wp\/v2\/comments?post=50623"}],"version-history":[{"count":1,"href":"https:\/\/noticel.com\/en\/wp-json\/wp\/v2\/posts\/50623\/revisions"}],"predecessor-version":[{"id":560711,"href":"https:\/\/noticel.com\/en\/wp-json\/wp\/v2\/posts\/50623\/revisions\/560711"}],"wp:featuredmedia":[{"embeddable":true,"href":"https:\/\/noticel.com\/en\/wp-json\/wp\/v2\/media\/560710"}],"wp:attachment":[{"href":"https:\/\/noticel.com\/en\/wp-json\/wp\/v2\/media?parent=50623"}],"wp:term":[{"taxonomy":"category","embeddable":true,"href":"https:\/\/noticel.com\/en\/wp-json\/wp\/v2\/categories?post=50623"},{"taxonomy":"post_tag","embeddable":true,"href":"https:\/\/noticel.com\/en\/wp-json\/wp\/v2\/tags?post=50623"}],"curies":[{"name":"wp","href":"https:\/\/api.w.org\/{rel}","templated":true}]}}