{"id":50562,"date":"2011-05-30T00:00:00","date_gmt":"2011-05-30T04:00:00","guid":{"rendered":"http:\/\/www.noticel.com\/vida\/20110530\/estable-y-de-buen-animo-el-topo\/"},"modified":"2025-08-29T19:41:53","modified_gmt":"2025-08-29T19:41:53","slug":"estable-y-de-buen-animo-el-topo","status":"publish","type":"post","link":"https:\/\/noticel.com\/en\/vida-y-bienestar\/20110530\/estable-y-de-buen-animo-el-topo\/","title":{"rendered":"Estable y de buen \u00e1nimo El Topo"},"content":{"rendered":"<p>El cantautor Antonio Cab\u00e1n Vale, &#8216;El Topo&#8217;, contin\u00faa &#8216;de buen \u00e1nimo y loco por irse a su casa&#8217;, seg\u00fan inform\u00f3 hoy la relacionista p\u00fablica, Marisol P\u00e9rez.<\/p>\n<p>P\u00e9rez destac\u00f3, en declaraciones escritas, que el artista &#8216;sigue estable, a\u00fan cuando est\u00e1 en aislamiento&#8217;, en el Hospital Cardiovascular del Centro M\u00e9dico de R\u00edo Piedras, donde fue ingresado nuevamente el pasado mi\u00e9rcoles por infect\u00e1rsele uno de los puntos.<\/p><div class=\"notic-content-middle\" id=\"notic-1501781840\"><div class=\"notic-adlabel\">Advertisements<\/div><a data-no-instant=\"1\" href=\"https:\/\/qrco.de\/bgxd5v\" rel=\"noopener\" class=\"a2t-link\" target=\"_blank\" aria-label=\"DisplayAds-300&#215;2503\"><img loading=\"lazy\" decoding=\"async\" src=\"https:\/\/cdn.noticel.com\/2026\/08\/11175936\/DisplayAds-300x2503-1.jpg\" alt=\"\"  srcset=\"https:\/\/cdn.noticel.com\/2026\/08\/11175936\/DisplayAds-300x2503-1.jpg 300w, https:\/\/cdn.noticel.com\/2026\/08\/11175936\/DisplayAds-300x2503-1-14x12.jpg 14w\" sizes=\"(max-width: 300px) 100vw, 300px\" width=\"300\" height=\"250\"   \/><\/a><\/div>\n<p>&#8216;Don Antonio no deja de enviar saludos y agradecimientos a todos&#8230;&#8217;, subray\u00f3 la portavoz del creador de &#8216;Verde luz&#8217;.<\/p>\n<p>&#8216;El Topo&#8217; fue recluido el jueves 12 de mayo por problemas cardiovasculares y lo sometieron a tres \u2018bypass&#8217;, siendo dado de alta cinco d\u00edas despu\u00e9s. INS<\/p>","protected":false},"excerpt":{"rendered":"<p>El cantautor Antonio Cab\u00e1n Vale, &#8216;El Topo&#8217;, contin\u00faa &#8216;de buen \u00e1nimo y loco por irse a su casa&#8217;, seg\u00fan inform\u00f3 hoy la relacionista p\u00fablica, Marisol P\u00e9rez. P\u00e9rez destac\u00f3, en declaraciones escritas, que el artista &#8216;sigue estable, a\u00fan cuando est\u00e1 en aislamiento&#8217;, en el Hospital Cardiovascular del Centro M\u00e9dico de R\u00edo Piedras, donde fue ingresado nuevamente [&hellip;]<\/p>","protected":false},"author":0,"featured_media":939929,"comment_status":"closed","ping_status":"closed","sticky":false,"template":"","format":"standard","meta":{"_acf_changed":false,"_monsterinsights_skip_tracking":false,"ep_exclude_from_search":false,"footnotes":""},"categories":[69],"tags":[],"class_list":["post-50562","post","type-post","status-publish","format-standard","has-post-thumbnail","hentry","category-vida-y-bienestar"],"acf":[],"aioseo_notices":[],"_links":{"self":[{"href":"https:\/\/noticel.com\/en\/wp-json\/wp\/v2\/posts\/50562","targetHints":{"allow":["GET"]}}],"collection":[{"href":"https:\/\/noticel.com\/en\/wp-json\/wp\/v2\/posts"}],"about":[{"href":"https:\/\/noticel.com\/en\/wp-json\/wp\/v2\/types\/post"}],"replies":[{"embeddable":true,"href":"https:\/\/noticel.com\/en\/wp-json\/wp\/v2\/comments?post=50562"}],"version-history":[{"count":1,"href":"https:\/\/noticel.com\/en\/wp-json\/wp\/v2\/posts\/50562\/revisions"}],"predecessor-version":[{"id":939932,"href":"https:\/\/noticel.com\/en\/wp-json\/wp\/v2\/posts\/50562\/revisions\/939932"}],"wp:featuredmedia":[{"embeddable":true,"href":"https:\/\/noticel.com\/en\/wp-json\/wp\/v2\/media\/939929"}],"wp:attachment":[{"href":"https:\/\/noticel.com\/en\/wp-json\/wp\/v2\/media?parent=50562"}],"wp:term":[{"taxonomy":"category","embeddable":true,"href":"https:\/\/noticel.com\/en\/wp-json\/wp\/v2\/categories?post=50562"},{"taxonomy":"post_tag","embeddable":true,"href":"https:\/\/noticel.com\/en\/wp-json\/wp\/v2\/tags?post=50562"}],"curies":[{"name":"wp","href":"https:\/\/api.w.org\/{rel}","templated":true}]}}