{"id":49976,"date":"2017-12-18T00:00:00","date_gmt":"2017-12-18T04:00:00","guid":{"rendered":"http:\/\/www.noticel.com\/ahora\/el-tiempo\/huracanes\/top-stories\/20171218\/aee-trabajara-en-estos-pueblos-en-navidades\/"},"modified":"2025-07-27T04:29:58","modified_gmt":"2025-07-27T04:29:58","slug":"aee-trabajara-en-estos-pueblos-en-navidades","status":"publish","type":"post","link":"https:\/\/noticel.com\/en\/ultima-hora\/20171218\/aee-trabajara-en-estos-pueblos-en-navidades\/","title":{"rendered":"AEE trabajar\u00e1 en estos pueblos en Navidades"},"content":{"rendered":"<p><i>Director de AEE ofrece detalle de los trabajos<\/i><\/p>\n<p>La Autoridad de Energ\u00eda Electrica (AEE) ha comenzado a hacer pruebas de unidades en la Central Palo Seco para buscar incrementar la generaci\u00f3n de luz en el pa\u00eds y consiguientemente devolverle la luz a las personas.<\/p>\n<p>Seg\u00fan detall\u00f3 el director interino de la corporaci\u00f3n, Justo Gonz\u00e1lez, se han comenzado a llevar a cabo &#8216;preencendidos&#8217; o &#8216;fogueos&#8217; para probar las unidades.<\/p>\n<p>De acuerdo a Gonz\u00e1lez, la Unidad 3 de Palo Seco &#8216;ya no est\u00e1 en condici\u00f3n cr\u00edtica&#8217;<\/p>\n<p>&#8216;Disminuimos el riesgo [de encenderla] que hab\u00eda en m\u00e1s de un 60%&#8217;, revel\u00f3 el director interino.<\/p>\n<p>Por otro lado, la Unidad 1 se le est\u00e1n haciendo &#8216;reparaciones ambientales para pr\u00f3ximamente en alg\u00fan momento ponerla en servicio&#8217;.<\/p>\n<p>El director ejecutivo se mostr\u00f3 esperanzado de que para enero se puedan terminar los trabajos en estas unidades para encenderlas.<\/p>\n<p>Entre otros trabajos, Gonz\u00e1lez explic\u00f3 que a la generaci\u00f3n del \u00e1rea metropolitana han logrado a\u00f1adirle dos potencias de 212 megavatios y 85 megavatios.<\/p><div class=\"notic-content-middle\" id=\"notic-1220007341\"><div class=\"notic-adlabel\">Advertisements<\/div><a data-no-instant=\"1\" href=\"https:\/\/qrco.de\/bgxd5v\" rel=\"noopener\" class=\"a2t-link\" target=\"_blank\" aria-label=\"DisplayAd-728&#215;902\"><img loading=\"lazy\" decoding=\"async\" src=\"https:\/\/cdn.noticel.com\/2026\/08\/11174407\/DisplayAd-728x902-1.jpg\" alt=\"\"  srcset=\"https:\/\/cdn.noticel.com\/2026\/08\/11174407\/DisplayAd-728x902-1.jpg 728w, https:\/\/cdn.noticel.com\/2026\/08\/11174407\/DisplayAd-728x902-1-300x37.jpg 300w, https:\/\/cdn.noticel.com\/2026\/08\/11174407\/DisplayAd-728x902-1-18x2.jpg 18w\" sizes=\"(max-width: 728px) 100vw, 728px\" width=\"728\" height=\"90\"   \/><\/a><\/div>\n<p>Los trabajos en la l\u00ednea 37400, &#8216;que va desde Dos Bocas hasta Arecibo&#8217;, ya han finalizado. Con la potencia generada con este trabajo la AEE espera poder energizar al pueblo de Jayuya.<\/p>\n<p>&#8216;Si todo marcha bien el d\u00eda de hoy y ma\u00f1ana seguimos energizando el pueblo de Jayuya&#8217;, adelant\u00f3 Gonz\u00e1lez en su video. A su lista de energizaci\u00f3n tambien a\u00f1adi\u00f3 al pueblo de Adjuntas.<\/p>\n<p>Por otro lado, el Cuerpo de Ingenieros del Ejercito de los Estados Unidos (USACE por sus siglas en ingles), llev\u00f3 generadores a los municipios de Maunabo, Yabucoa, Naguabo y Patillas, con el fin de lograr encender los cascos urbanos de estos municipios.<\/p>\n<p>&#8216;Nuestra meta es que todo esto se haga antes de las Navidades&#8217;, empe\u00f1o el director.<\/p>\n<p>Entre otros trabajos se encuentran reparaciones en l\u00edneas entre Morovis a Ciales, lo cual encender\u00eda a Ciales, trabajos en urbanizaciones en San Juan, Bayam\u00f3n y Vega Baja, arreglos a la l\u00ednea 39000 para &#8216;fortalecer a Villalba&#8217;, trabajos en distintos sectores de Juana D\u00edaz, labores en la l\u00ednea de distribuci\u00f3n de Vieques y trabajos en el Barrio Coraz\u00f3n en Guayama.<\/p>\n<p>Puede ver el video aqu\u00ed:<\/p>\n<p>{&#8216;author_name&#8217;:&#8217;Autoridad de Energ\u00eda Electrica&#8217;,&#8217;author_url&#8217;:&#8217;https:\/\/www.facebook.com\/aeepronline\/&#8217;,&#8217;provider_url&#8217;:&#8217;https:\/\/www.facebook.com&#8217;,&#8217;provider_name&#8217;:&#8217;Facebook&#8217;,&#8217;success&#8217;:true,&#8217;height&#8217;:280,&#8217;html&#8217;:&#8217;lt;div id=&#8217;fb-root&#8217;gt;lt;\/divgt;nlt;scriptgt;(function(d, s, id) {n var js, fjs = d.getElementsByTagName(s)[0];n if (d.getElementById(id)) return;n js = d.createElement(s); js.id = id;n js.src = &#8216;https:\/\/connect.facebook.net\/en_US\/sdk.js#xfbml=1&amp;version=v2.11&#8217;;n fjs.parentNode.insertBefore(js, fjs);n}(document, &#8216;script&#8217;, &#8216;facebook-jssdk&#8217;));lt;\/scriptgt;lt;div class=&#8217;fb-video&#8217; data-href=&#8217;https:\/\/www.facebook.com\/aeepronline\/videos\/149130649073853\/&#8217;gt;lt;blockquote cite=&#8217;https:\/\/www.facebook.com\/aeepronline\/videos\/149130649073853\/&#8217; class=&#8217;fb-xfbml-parse-ignore&#8217;gt;lt;a href=&#8217;https:\/\/www.facebook.com\/aeepronline\/videos\/149130649073853\/&#8217;gt;lt;\/agt;lt;pgt;El Director Ejecutivo Interino, Ing. Justo Gonz\u00e1lez, nos habla sobre el restablecimiento del sistema electrico para el d\u00eda de hoy.lt;\/pgt;Posted by lt;a href=&#8217;https:\/\/www.facebook.com\/aeepronline\/&#8217;gt;Autoridad de Energ\u00eda Electricalt;\/agt; on Monday, December 18, 2017lt;\/blockquotegt;lt;\/divgt;&#8217;,&#8217;type&#8217;:&#8217;video&#8217;,&#8217;version&#8217;:&#8217;1.0&#8242;,&#8217;url&#8217;:&#8217;https:\/\/www.facebook.com\/aeepronline\/videos\/149130649073853\/&#8217;,&#8217;width&#8217;:500}<\/p>","protected":false},"excerpt":{"rendered":"<p>Director de AEE ofrece detalle de los trabajos La Autoridad de Energ\u00eda Electrica (AEE) ha comenzado a hacer pruebas de unidades en la Central Palo Seco para buscar incrementar la generaci\u00f3n de luz en el pa\u00eds y consiguientemente devolverle la luz a las personas. Seg\u00fan detall\u00f3 el director interino de la corporaci\u00f3n, Justo Gonz\u00e1lez, se [&hellip;]<\/p>","protected":false},"author":0,"featured_media":588322,"comment_status":"closed","ping_status":"closed","sticky":false,"template":"","format":"standard","meta":{"_acf_changed":false,"_monsterinsights_skip_tracking":false,"ep_exclude_from_search":false,"footnotes":""},"categories":[18,19,2],"tags":[],"class_list":["post-49976","post","type-post","status-publish","format-standard","has-post-thumbnail","hentry","category-el-tiempo","category-huracanes","category-ultima-hora"],"acf":[],"aioseo_notices":[],"_links":{"self":[{"href":"https:\/\/noticel.com\/en\/wp-json\/wp\/v2\/posts\/49976","targetHints":{"allow":["GET"]}}],"collection":[{"href":"https:\/\/noticel.com\/en\/wp-json\/wp\/v2\/posts"}],"about":[{"href":"https:\/\/noticel.com\/en\/wp-json\/wp\/v2\/types\/post"}],"replies":[{"embeddable":true,"href":"https:\/\/noticel.com\/en\/wp-json\/wp\/v2\/comments?post=49976"}],"version-history":[{"count":1,"href":"https:\/\/noticel.com\/en\/wp-json\/wp\/v2\/posts\/49976\/revisions"}],"predecessor-version":[{"id":588347,"href":"https:\/\/noticel.com\/en\/wp-json\/wp\/v2\/posts\/49976\/revisions\/588347"}],"wp:featuredmedia":[{"embeddable":true,"href":"https:\/\/noticel.com\/en\/wp-json\/wp\/v2\/media\/588322"}],"wp:attachment":[{"href":"https:\/\/noticel.com\/en\/wp-json\/wp\/v2\/media?parent=49976"}],"wp:term":[{"taxonomy":"category","embeddable":true,"href":"https:\/\/noticel.com\/en\/wp-json\/wp\/v2\/categories?post=49976"},{"taxonomy":"post_tag","embeddable":true,"href":"https:\/\/noticel.com\/en\/wp-json\/wp\/v2\/tags?post=49976"}],"curies":[{"name":"wp","href":"https:\/\/api.w.org\/{rel}","templated":true}]}}