{"id":498766,"date":"2025-06-14T13:36:19","date_gmt":"2025-06-14T17:36:19","guid":{"rendered":"https:\/\/www.noticel.com\/ahora\/tribunales\/20250614\/lo-acusan-de-incesto-y-actos-lascivos-contra-menor-de-edad\/"},"modified":"2025-07-18T16:49:33","modified_gmt":"2025-07-18T16:49:33","slug":"lo-acusan-de-incesto-y-actos-lascivos-contra-menor-de-edad","status":"publish","type":"post","link":"https:\/\/noticel.com\/en\/ultima-hora\/20250614\/lo-acusan-de-incesto-y-actos-lascivos-contra-menor-de-edad\/","title":{"rendered":"Lo acusan de incesto y actos lascivos contra menor de edad"},"content":{"rendered":"<h3>La vista preliminar fue pautada para el pr\u00f3ximo 25 de junio.<\/h3>\n<p>Agentes de la Polic\u00eda, adscritos a la Divisi\u00f3n de Delitos Sexuales del \u00e1rea de Bayam\u00f3n, realizaron una investigaci\u00f3n que culmin\u00f3 en la radicaci\u00f3n de cargos criminales por parte de la fiscal\u00eda, por incesto (art.131), actos lascivos (art.133 A y F) y amenazas (art.177) en violaci\u00f3n al C\u00f3digo Penal de Puerto Rico.<\/p>\n<p>Adem\u00e1s, se someti\u00f3 un cargo por maltrato (art.53B) en violaci\u00f3n a la Ley para la prevenci\u00f3n de maltrato, preservaci\u00f3n de la unidad familiar y para la seguridad, bienestar y protecci\u00f3n de menores, contra Gerson Amando Agosto L\u00f3pez, de 40 a\u00f1os, residente en R\u00edo Grande. Esto es por unos hechos ocurridos desde el a\u00f1o 2021 hasta el a\u00f1o 2024, en Toa Alta.<\/p>\n<p>De acuerdo con la informaci\u00f3n preliminar, Agosto L\u00f3pez cometi\u00f3 los delitos antes mencionados cuando la menor ten\u00eda 11 a\u00f1os.<\/p>\n<p>El caso se consult\u00f3 con el fiscal Jos\u00e9 D\u00edaz, quien radic\u00f3 los cargos antes mencionados.<\/p>\n<p>La prueba se present\u00f3 ante la juez Katherine Brunelle, del Tribunal de Primera Instancia de Bayam\u00f3n, quien determin\u00f3 causa para arresto y se\u00f1al\u00f3 una fianza global de 200 mil d\u00f3lares, la cual prest\u00f3, quedando en libertad bajo supervisi\u00f3n electr\u00f3nica.<\/p>\n<p>La vista preliminar fue pautada para el pr\u00f3ximo 25 de junio del a\u00f1o en curso en el Tribunal de Bayam\u00f3n.<\/p>","protected":false},"excerpt":{"rendered":"<p>La vista preliminar fue pautada para el pr\u00f3ximo 25 de junio. Agentes de la Polic\u00eda, adscritos a la Divisi\u00f3n de Delitos Sexuales del \u00e1rea de Bayam\u00f3n, realizaron una investigaci\u00f3n que culmin\u00f3 en la radicaci\u00f3n de cargos criminales por parte de la fiscal\u00eda, por incesto (art.131), actos lascivos (art.133 A y F) y amenazas (art.177) en [&hellip;]<\/p>","protected":false},"author":0,"featured_media":518651,"comment_status":"closed","ping_status":"closed","sticky":false,"template":"","format":"standard","meta":{"_acf_changed":false,"_monsterinsights_skip_tracking":false,"ep_exclude_from_search":false,"footnotes":""},"categories":[13,2],"tags":[],"class_list":["post-498766","post","type-post","status-publish","format-standard","has-post-thumbnail","hentry","category-tribunales","category-ultima-hora"],"acf":[],"aioseo_notices":[],"_links":{"self":[{"href":"https:\/\/noticel.com\/en\/wp-json\/wp\/v2\/posts\/498766","targetHints":{"allow":["GET"]}}],"collection":[{"href":"https:\/\/noticel.com\/en\/wp-json\/wp\/v2\/posts"}],"about":[{"href":"https:\/\/noticel.com\/en\/wp-json\/wp\/v2\/types\/post"}],"replies":[{"embeddable":true,"href":"https:\/\/noticel.com\/en\/wp-json\/wp\/v2\/comments?post=498766"}],"version-history":[{"count":1,"href":"https:\/\/noticel.com\/en\/wp-json\/wp\/v2\/posts\/498766\/revisions"}],"predecessor-version":[{"id":518652,"href":"https:\/\/noticel.com\/en\/wp-json\/wp\/v2\/posts\/498766\/revisions\/518652"}],"wp:featuredmedia":[{"embeddable":true,"href":"https:\/\/noticel.com\/en\/wp-json\/wp\/v2\/media\/518651"}],"wp:attachment":[{"href":"https:\/\/noticel.com\/en\/wp-json\/wp\/v2\/media?parent=498766"}],"wp:term":[{"taxonomy":"category","embeddable":true,"href":"https:\/\/noticel.com\/en\/wp-json\/wp\/v2\/categories?post=498766"},{"taxonomy":"post_tag","embeddable":true,"href":"https:\/\/noticel.com\/en\/wp-json\/wp\/v2\/tags?post=498766"}],"curies":[{"name":"wp","href":"https:\/\/api.w.org\/{rel}","templated":true}]}}