{"id":49613,"date":"2015-05-13T00:00:00","date_gmt":"2015-05-13T04:00:00","guid":{"rendered":"http:\/\/www.noticel.com\/ahora\/educacion\/upr\/20150513\/chantaje-de-agp-con-el-iva-divide-a-representantes-de-la-upr\/"},"modified":"2025-08-16T15:18:54","modified_gmt":"2025-08-16T15:18:54","slug":"chantaje-de-agp-con-el-iva-divide-a-representantes-de-la-upr","status":"publish","type":"post","link":"https:\/\/noticel.com\/en\/ultima-hora\/20150513\/chantaje-de-agp-con-el-iva-divide-a-representantes-de-la-upr\/","title":{"rendered":"Chantaje de AGP con el IVA divide a representantes de la UPR"},"content":{"rendered":"<p>Aunque el representante estudiantil de la Junta de Gobierno de la Universidad de Puerto Rico (UPR), An\u00edbal Y. L\u00f3pez, denunci\u00f3 que el Gobernador intent\u00f3 chantajear a la comunidad universitaria para que apoyaran su Reforma Contributiva a cambio de no trastocar el presupuesto de la instituci\u00f3n en una reuni\u00f3n el martes, parte de los representantes sindicales y de otros sectores de la Universidad respaldaron la necesidad del Impuesto de Valor A\u00f1adido (IVA) hoy miercoles.<\/p>\n<p>&#8216;Ya est\u00e1 bueno de divisiones. Le hacemos un llamado tanto al gobernador como a los legisladores para que pongan de su parte. Que se pongan de acuerdo sobre cualquier cosa, la que sea, pero por favor, este pa\u00eds no puede seguir en la incertidumbre&#8217;, dijo Jos\u00e9 Torres, presidente de la Hermandad de Empleados Exentos No Docentes (HEEND) de la UPR.<\/p>\n<p>Entretanto el presidente de dicha instituci\u00f3n universitaria, doctor Uroyoan Walker declar\u00f3 que &#8216;el sistema que se implemente tiene que ser uno justo&#8217;. &#8216;El llamado es a que lleguemos a un consenso de pa\u00eds&#8217;, a\u00f1adi\u00f3.<\/p><div class=\"notic-content-middle\" id=\"notic-1005195958\"><div class=\"notic-adlabel\">Advertisements<\/div><a data-no-instant=\"1\" href=\"https:\/\/qrco.de\/bgxd5v\" rel=\"noopener\" class=\"a2t-link\" target=\"_blank\" aria-label=\"DisplayAds-970&#215;250\"><img loading=\"lazy\" decoding=\"async\" src=\"https:\/\/cdn.noticel.com\/2026\/09\/02200716\/DisplayAds-970x250-1.jpg\" alt=\"\"  srcset=\"https:\/\/cdn.noticel.com\/2026\/09\/02200716\/DisplayAds-970x250-1.jpg 970w, https:\/\/cdn.noticel.com\/2026\/09\/02200716\/DisplayAds-970x250-1-300x77.jpg 300w, https:\/\/cdn.noticel.com\/2026\/09\/02200716\/DisplayAds-970x250-1-768x198.jpg 768w, https:\/\/cdn.noticel.com\/2026\/09\/02200716\/DisplayAds-970x250-1-18x5.jpg 18w\" sizes=\"(max-width: 970px) 100vw, 970px\" width=\"970\" height=\"250\"   \/><\/a><\/div>\n<p>No obstante, el vicepresidente de la Asociaci\u00f3n Puertorrique\u00f1a de Profesores Universitarios (APPU), Miguel Hern\u00e1ndez no se hizo eco del reclamo del gobernador Alejandro Garc\u00eda Padilla, pero insisti\u00f3 en que a la UPR &#8216;no se le puede recortar ni un centavo&#8217;.<\/p>\n<p>Por su parte, L\u00f3pez expres\u00f3 en declaraciones escritas que, &#8216;parece que el gobernador est\u00e1 tratando de usar a la UPR como bal\u00f3n pol\u00edtico para justificar su reforma contributiva. Nosotros hacemos un llamado a la comunidad universitaria a no caer en los chantajes del gobernador y continuar con la oposici\u00f3n a los recortes y a la reforma contributiva que propuso el Gobernador&#8217;.<\/p>\n<p>Tanto Torres, Walker y Hern\u00e1ndez, quienes llegaron junto con los estudiantes a la manifestaci\u00f3n de hoy, est\u00e1n reunidos con el presidente de la C\u00e1mara de Representantes, Jaime Perell\u00f3 y luego se reunir\u00e1n con el presidente del Senado, Eduardo Bhatia.<\/p>","protected":false},"excerpt":{"rendered":"<p>Aunque el representante estudiantil de la Junta de Gobierno de la Universidad de Puerto Rico (UPR), An\u00edbal Y. L\u00f3pez, denunci\u00f3 que el Gobernador intent\u00f3 chantajear a la comunidad universitaria para que apoyaran su Reforma Contributiva a cambio de no trastocar el presupuesto de la instituci\u00f3n en una reuni\u00f3n el martes, parte de los representantes sindicales [&hellip;]<\/p>","protected":false},"author":0,"featured_media":851742,"comment_status":"closed","ping_status":"closed","sticky":false,"template":"","format":"standard","meta":{"_acf_changed":false,"_monsterinsights_skip_tracking":false,"ep_exclude_from_search":false,"footnotes":""},"categories":[2],"tags":[],"class_list":["post-49613","post","type-post","status-publish","format-standard","has-post-thumbnail","hentry","category-ultima-hora"],"acf":[],"aioseo_notices":[],"_links":{"self":[{"href":"https:\/\/noticel.com\/en\/wp-json\/wp\/v2\/posts\/49613","targetHints":{"allow":["GET"]}}],"collection":[{"href":"https:\/\/noticel.com\/en\/wp-json\/wp\/v2\/posts"}],"about":[{"href":"https:\/\/noticel.com\/en\/wp-json\/wp\/v2\/types\/post"}],"replies":[{"embeddable":true,"href":"https:\/\/noticel.com\/en\/wp-json\/wp\/v2\/comments?post=49613"}],"version-history":[{"count":1,"href":"https:\/\/noticel.com\/en\/wp-json\/wp\/v2\/posts\/49613\/revisions"}],"predecessor-version":[{"id":851766,"href":"https:\/\/noticel.com\/en\/wp-json\/wp\/v2\/posts\/49613\/revisions\/851766"}],"wp:featuredmedia":[{"embeddable":true,"href":"https:\/\/noticel.com\/en\/wp-json\/wp\/v2\/media\/851742"}],"wp:attachment":[{"href":"https:\/\/noticel.com\/en\/wp-json\/wp\/v2\/media?parent=49613"}],"wp:term":[{"taxonomy":"category","embeddable":true,"href":"https:\/\/noticel.com\/en\/wp-json\/wp\/v2\/categories?post=49613"},{"taxonomy":"post_tag","embeddable":true,"href":"https:\/\/noticel.com\/en\/wp-json\/wp\/v2\/tags?post=49613"}],"curies":[{"name":"wp","href":"https:\/\/api.w.org\/{rel}","templated":true}]}}