{"id":496030,"date":"2025-03-19T08:02:31","date_gmt":"2025-03-19T12:02:31","guid":{"rendered":"https:\/\/www.noticel.com\/la-calle\/transito\/20250319\/informe-del-transito-para-hoy-miercoles-66\/"},"modified":"2025-07-19T11:29:57","modified_gmt":"2025-07-19T11:29:57","slug":"informe-del-transito-para-hoy-miercoles-66","status":"publish","type":"post","link":"https:\/\/noticel.com\/en\/noticias\/la-calle\/20250319\/informe-del-transito-para-hoy-miercoles-66\/","title":{"rendered":"Informe del tr\u00e1nsito para hoy, mi\u00e9rcoles"},"content":{"rendered":"<h3>No se reportan accidentes, seg\u00fan la Polic\u00eda.<\/h3>\n<p>Novedades: No se reportan accidentes\u2026 Neblina en la zona central de la Isla\u2026<\/p>\n<p>Pesado en Autopista Luis A Ferr\u00e9, zona de Caguas y Montehiedra, en direcci\u00f3n de Caguas a San Juan\u2026 Bastante tr\u00e1nsito en Exp Las Am\u00e9ricas, en direcci\u00f3n de Caguas a San Juan\u2026 Pesado en Exp. Baldorioty De Castro, zona del Aeropuerto y elevados, en direcci\u00f3n de Carolina a San Juan\u2026 Pesado en Exp. De Diego, tramos entre Dorado y Toa Baja, en direcci\u00f3n a San Juan\u2026 Bastante tra\u00e1nsito en la Carr #2, Carr #165, Carr #5 en Bayam\u00f3n y en Carr #167 entre Naranjito y Bayam\u00f3n\u2026 Pesado en Carr #30, entre Juncos y Gurabo, en direcci\u00f3n a Caguas\u2026 Semipesado en Carr #1, en direcci\u00f3n de Caguas a Rio Piedras\u2026<\/p>\n<p>Pesado en Exp. Mtez Nadal, en direcci\u00f3n de Guaynabo a San Juan\u2026 Pesado en Exp. Kennedy, zona portuaria, en direcci\u00f3n de Bayam\u00f3n a San Juan\u2026 Pesado en Exp. 181, en direcci\u00f3n de Trujillo Alto a Rio Piedras\u2026 Semipesado en Carr #199, en direcci\u00f3n de Cupey y Guaynabo\u2026 Semi pesado en Ramal 8, entre Carolina y Rio Piedras\u2026 Bastante tr\u00e1nsito en Ruta 66, en direcci\u00f3n de Can\u00f3vanas a Carolina\u2026<\/p>\n<p>Semipesado en Autopista Luis A Ferr\u00e9, zona de Juana D\u00edaz y el Cotto Laurel. en Ponce, en direcci\u00f3n de Juana D\u00edaz a Ponce\u2026 Sin novedad en Carr #1, \u00e1rea de Mercedita en Ponce\u2026 Pesado en Carr #14, en Valle Alto, en direcci\u00f3n de Juana D\u00edaz a Ponce\u2026 Semipesado en Carr #2, zona del Towncenter, en direcci\u00f3n de Pe\u00f1uelas a Ponce\u2026<\/p>\n<p>Normal en Carr #2, en Aguadilla\u2026 Bastante tr\u00e1nsito en Carr #2, entre Hormigueros y Mayag\u00fcez\u2026<\/p>","protected":false},"excerpt":{"rendered":"<p>No se reportan accidentes, seg\u00fan la Polic\u00eda. Novedades: No se reportan accidentes\u2026 Neblina en la zona central de la Isla\u2026 Pesado en Autopista Luis A Ferr\u00e9, zona de Caguas y Montehiedra, en direcci\u00f3n de Caguas a San Juan\u2026 Bastante tr\u00e1nsito en Exp Las Am\u00e9ricas, en direcci\u00f3n de Caguas a San Juan\u2026 Pesado en Exp. Baldorioty [&hellip;]<\/p>","protected":false},"author":0,"featured_media":528086,"comment_status":"closed","ping_status":"closed","sticky":false,"template":"","format":"standard","meta":{"_acf_changed":false,"_monsterinsights_skip_tracking":false,"ep_exclude_from_search":false,"footnotes":""},"categories":[12],"tags":[],"class_list":["post-496030","post","type-post","status-publish","format-standard","has-post-thumbnail","hentry","category-la-calle"],"acf":[],"aioseo_notices":[],"_links":{"self":[{"href":"https:\/\/noticel.com\/en\/wp-json\/wp\/v2\/posts\/496030","targetHints":{"allow":["GET"]}}],"collection":[{"href":"https:\/\/noticel.com\/en\/wp-json\/wp\/v2\/posts"}],"about":[{"href":"https:\/\/noticel.com\/en\/wp-json\/wp\/v2\/types\/post"}],"replies":[{"embeddable":true,"href":"https:\/\/noticel.com\/en\/wp-json\/wp\/v2\/comments?post=496030"}],"version-history":[{"count":1,"href":"https:\/\/noticel.com\/en\/wp-json\/wp\/v2\/posts\/496030\/revisions"}],"predecessor-version":[{"id":528087,"href":"https:\/\/noticel.com\/en\/wp-json\/wp\/v2\/posts\/496030\/revisions\/528087"}],"wp:featuredmedia":[{"embeddable":true,"href":"https:\/\/noticel.com\/en\/wp-json\/wp\/v2\/media\/528086"}],"wp:attachment":[{"href":"https:\/\/noticel.com\/en\/wp-json\/wp\/v2\/media?parent=496030"}],"wp:term":[{"taxonomy":"category","embeddable":true,"href":"https:\/\/noticel.com\/en\/wp-json\/wp\/v2\/categories?post=496030"},{"taxonomy":"post_tag","embeddable":true,"href":"https:\/\/noticel.com\/en\/wp-json\/wp\/v2\/tags?post=496030"}],"curies":[{"name":"wp","href":"https:\/\/api.w.org\/{rel}","templated":true}]}}