{"id":49140,"date":"2011-11-11T00:00:00","date_gmt":"2011-11-11T04:00:00","guid":{"rendered":"http:\/\/www.noticel.com\/mundo\/20111111\/sec-de-gobernacion-de-mexico-muere-en-accidente\/"},"modified":"2025-08-28T09:04:28","modified_gmt":"2025-08-28T09:04:28","slug":"sec-de-gobernacion-de-mexico-muere-en-accidente","status":"publish","type":"post","link":"https:\/\/noticel.com\/en\/noticias\/mundo\/20111111\/sec-de-gobernacion-de-mexico-muere-en-accidente\/","title":{"rendered":"Sec. de Gobernaci\u00f3n de M\u00e9xico muere en accidente"},"content":{"rendered":"<p>M\u00e9xico.- El secretario mexicano de Gobernaci\u00f3n, Francisco Blake Mora, muri\u00f3 el viernes al desplomarse el helic\u00f3ptero en el que viajaba junto con otras siete personas, inform\u00f3 la presidencia de la Rep\u00fablica.<\/p>\n<p>La vocera de la Presidencia, Alejandra Sota, inform\u00f3 que autoridades localizaron los cuerpos sin vida del ministro mexicano y las otras siete personas, entre ellas el subsecretario de Asuntos Jur\u00eddicos de Gobernaci\u00f3n, Felipe Zamora, y el vocero de la dependencia, Jos\u00e9 Alfredo Garc\u00eda.<\/p>\n<p>El cargo de secretario de Gobernaci\u00f3n es el segundo puesto pol\u00edtico en importancia de M\u00e9xico despu\u00e9s del presidente de la Rep\u00fablica. Era tambi\u00e9n el coordinador del gabinete de seguridad, que instrumenta la estrategia de combate al narcotr\u00e1fico del mandatario Felipe Calder\u00f3n.<\/p><div class=\"notic-content-middle\" id=\"notic-1412349631\"><div class=\"notic-adlabel\">Advertisements<\/div><a data-no-instant=\"1\" href=\"https:\/\/www.asegurate-bien.com\/\" rel=\"noopener\" class=\"a2t-link\" target=\"_blank\" aria-label=\"Acodese-Adaptaciones-Noticel-970&#215;250\"><img loading=\"lazy\" decoding=\"async\" src=\"https:\/\/cdn.noticel.com\/2026\/05\/30100504\/Acodese-Adaptaciones-Noticel-970x250-1.jpg\" alt=\"\"  srcset=\"https:\/\/cdn.noticel.com\/2026\/05\/30100504\/Acodese-Adaptaciones-Noticel-970x250-1.jpg 970w, https:\/\/cdn.noticel.com\/2026\/05\/30100504\/Acodese-Adaptaciones-Noticel-970x250-1-300x77.jpg 300w, https:\/\/cdn.noticel.com\/2026\/05\/30100504\/Acodese-Adaptaciones-Noticel-970x250-1-768x198.jpg 768w, https:\/\/cdn.noticel.com\/2026\/05\/30100504\/Acodese-Adaptaciones-Noticel-970x250-1-18x5.jpg 18w\" sizes=\"(max-width: 970px) 100vw, 970px\" width=\"970\" height=\"250\"   \/><\/a><\/div>\n<p>Blake, de 45 a\u00f1os, viajaba hacia el estado central de Morelos para asistir a un encuentro de impartidores de justicia.<\/p>\n<p>La aeronave era un helic\u00f3ptero del Estado Mayor Presidencial.<\/p>\n<p>En el percance tambi\u00e9n murieron la secretaria t\u00e9cnica de la oficina del secretario de Gobernaci\u00f3n, Diana Miriam Aiton; el mayor Ren\u00e9 de Le\u00f3n Sapi\u00e9n; el teniente coronel Felipe Bacio; el teniente Pedro Ram\u00f3n Escobar, y el sargento segundo Jorge Luis Ju\u00e1rez.<\/p>","protected":false},"excerpt":{"rendered":"<p>M\u00e9xico.- El secretario mexicano de Gobernaci\u00f3n, Francisco Blake Mora, muri\u00f3 el viernes al desplomarse el helic\u00f3ptero en el que viajaba junto con otras siete personas, inform\u00f3 la presidencia de la Rep\u00fablica. La vocera de la Presidencia, Alejandra Sota, inform\u00f3 que autoridades localizaron los cuerpos sin vida del ministro mexicano y las otras siete personas, entre [&hellip;]<\/p>","protected":false},"author":0,"featured_media":921572,"comment_status":"closed","ping_status":"closed","sticky":false,"template":"","format":"standard","meta":{"_acf_changed":false,"_monsterinsights_skip_tracking":false,"ep_exclude_from_search":false,"footnotes":""},"categories":[17],"tags":[],"class_list":["post-49140","post","type-post","status-publish","format-standard","has-post-thumbnail","hentry","category-mundo"],"acf":[],"aioseo_notices":[],"_links":{"self":[{"href":"https:\/\/noticel.com\/en\/wp-json\/wp\/v2\/posts\/49140","targetHints":{"allow":["GET"]}}],"collection":[{"href":"https:\/\/noticel.com\/en\/wp-json\/wp\/v2\/posts"}],"about":[{"href":"https:\/\/noticel.com\/en\/wp-json\/wp\/v2\/types\/post"}],"replies":[{"embeddable":true,"href":"https:\/\/noticel.com\/en\/wp-json\/wp\/v2\/comments?post=49140"}],"version-history":[{"count":1,"href":"https:\/\/noticel.com\/en\/wp-json\/wp\/v2\/posts\/49140\/revisions"}],"predecessor-version":[{"id":921617,"href":"https:\/\/noticel.com\/en\/wp-json\/wp\/v2\/posts\/49140\/revisions\/921617"}],"wp:featuredmedia":[{"embeddable":true,"href":"https:\/\/noticel.com\/en\/wp-json\/wp\/v2\/media\/921572"}],"wp:attachment":[{"href":"https:\/\/noticel.com\/en\/wp-json\/wp\/v2\/media?parent=49140"}],"wp:term":[{"taxonomy":"category","embeddable":true,"href":"https:\/\/noticel.com\/en\/wp-json\/wp\/v2\/categories?post=49140"},{"taxonomy":"post_tag","embeddable":true,"href":"https:\/\/noticel.com\/en\/wp-json\/wp\/v2\/tags?post=49140"}],"curies":[{"name":"wp","href":"https:\/\/api.w.org\/{rel}","templated":true}]}}