{"id":49056,"date":"2013-12-05T00:00:00","date_gmt":"2013-12-05T04:00:00","guid":{"rendered":"http:\/\/www.noticel.com\/la-calle\/20131205\/conductor-borracho-en-vehiculo-oficial-de-hacienda\/"},"modified":"2025-07-18T09:21:18","modified_gmt":"2025-07-18T09:21:18","slug":"conductor-borracho-en-vehiculo-oficial-de-hacienda","status":"publish","type":"post","link":"https:\/\/noticel.com\/en\/noticias\/la-calle\/20131205\/conductor-borracho-en-vehiculo-oficial-de-hacienda\/","title":{"rendered":"Conductor borracho en veh\u00edculo oficial de Hacienda"},"content":{"rendered":"<p>Un individuo que viajaba en un veh\u00edculo oficial de la Divisi\u00f3n de Rentas Internas del \u00e1rea de Arecibo del Departamento de Hacienda, fue detenido a eso de las 5:15 de la tarde del miercoles en el expreso PR-22 por conducir en estado de embriaguez.<\/p>\n<p>Seg\u00fan el informe policiaco, Emilio J. Vel\u00e1squez Figueroa fue intervenido por ir a exceso de velocidad en una Grand Cheroky Laredo de 2010, cuando el agente que intervino percibi\u00f3 el fuerte olor a alcohol que exped\u00eda el conductor.<\/p>\n<p>Al individuo se le realiz\u00f3 la prueba de aliento a la que arroj\u00f3 .198 por ciento de alcohol en su organismo.<\/p>\n<p>El caso fue citado para el pr\u00f3ximo 17 de diciembre.<\/p>","protected":false},"excerpt":{"rendered":"<p>Un individuo que viajaba en un veh\u00edculo oficial de la Divisi\u00f3n de Rentas Internas del \u00e1rea de Arecibo del Departamento de Hacienda, fue detenido a eso de las 5:15 de la tarde del miercoles en el expreso PR-22 por conducir en estado de embriaguez. Seg\u00fan el informe policiaco, Emilio J. Vel\u00e1squez Figueroa fue intervenido por [&hellip;]<\/p>","protected":false},"author":0,"featured_media":506667,"comment_status":"closed","ping_status":"closed","sticky":false,"template":"","format":"standard","meta":{"_acf_changed":false,"_monsterinsights_skip_tracking":false,"ep_exclude_from_search":false,"footnotes":""},"categories":[12],"tags":[],"class_list":["post-49056","post","type-post","status-publish","format-standard","has-post-thumbnail","hentry","category-la-calle"],"acf":[],"aioseo_notices":[],"_links":{"self":[{"href":"https:\/\/noticel.com\/en\/wp-json\/wp\/v2\/posts\/49056","targetHints":{"allow":["GET"]}}],"collection":[{"href":"https:\/\/noticel.com\/en\/wp-json\/wp\/v2\/posts"}],"about":[{"href":"https:\/\/noticel.com\/en\/wp-json\/wp\/v2\/types\/post"}],"replies":[{"embeddable":true,"href":"https:\/\/noticel.com\/en\/wp-json\/wp\/v2\/comments?post=49056"}],"version-history":[{"count":1,"href":"https:\/\/noticel.com\/en\/wp-json\/wp\/v2\/posts\/49056\/revisions"}],"predecessor-version":[{"id":506672,"href":"https:\/\/noticel.com\/en\/wp-json\/wp\/v2\/posts\/49056\/revisions\/506672"}],"wp:featuredmedia":[{"embeddable":true,"href":"https:\/\/noticel.com\/en\/wp-json\/wp\/v2\/media\/506667"}],"wp:attachment":[{"href":"https:\/\/noticel.com\/en\/wp-json\/wp\/v2\/media?parent=49056"}],"wp:term":[{"taxonomy":"category","embeddable":true,"href":"https:\/\/noticel.com\/en\/wp-json\/wp\/v2\/categories?post=49056"},{"taxonomy":"post_tag","embeddable":true,"href":"https:\/\/noticel.com\/en\/wp-json\/wp\/v2\/tags?post=49056"}],"curies":[{"name":"wp","href":"https:\/\/api.w.org\/{rel}","templated":true}]}}