{"id":47807,"date":"2015-10-15T00:00:00","date_gmt":"2015-10-15T04:00:00","guid":{"rendered":"http:\/\/www.noticel.com\/ahora\/20151015\/cortan-la-luz-en-la-autoridad-de-carreteras-y-transportacion-en-ponce\/"},"modified":"2025-07-18T11:22:12","modified_gmt":"2025-07-18T11:22:12","slug":"cortan-la-luz-en-la-autoridad-de-carreteras-y-transportacion-en-ponce","status":"publish","type":"post","link":"https:\/\/noticel.com\/en\/ultima-hora\/20151015\/cortan-la-luz-en-la-autoridad-de-carreteras-y-transportacion-en-ponce\/","title":{"rendered":"Cortan la luz en la Autoridad de Carreteras y Transportaci\u00f3n en Ponce"},"content":{"rendered":"<p>El Programa de Solidaridad UTIER, Cap\u00edtulo de ACT, que representa a los empleados unionados de la Autoridad de Carreteras y Transportaci\u00f3n (ACT) denunci\u00f3 el jueves que contin\u00faan los cortes del servicio de energ\u00eda electrica a las facilidades de la Autoridad de Carreteras.<\/p>\n<p>&#8216;Emplazamos a la Ing. Carmen Villar Prados, Directora Ejecutiva de la ACT a que sea diligente y solucione esta situaci\u00f3n con la premura que requiere. Hemos denunciado como la falta de servicio el\u00e9ctrico provoca problemas de salud y seguridad en las \u00e1reas poniendo en riesgo la vida de nuestra empleados&#8217;, expres\u00f3 Lissette Barreto, presidenta PROSOL UTIER, Cap\u00edtulo de la Autoridad de Carreteras en un comunicado de prensa.<\/p><div class=\"notic-content-middle\" id=\"notic-1721204652\"><div class=\"notic-adlabel\">Advertisements<\/div><a data-no-instant=\"1\" href=\"https:\/\/qrco.de\/bgxd5v\" rel=\"noopener\" class=\"a2t-link\" target=\"_blank\" aria-label=\"DisplayAd-970&#215;903\"><img loading=\"lazy\" decoding=\"async\" src=\"https:\/\/cdn.noticel.com\/2026\/09\/02200307\/DisplayAd-970x903-1.jpg\" alt=\"\"  srcset=\"https:\/\/cdn.noticel.com\/2026\/09\/02200307\/DisplayAd-970x903-1.jpg 970w, https:\/\/cdn.noticel.com\/2026\/09\/02200307\/DisplayAd-970x903-1-300x28.jpg 300w, https:\/\/cdn.noticel.com\/2026\/09\/02200307\/DisplayAd-970x903-1-768x71.jpg 768w, https:\/\/cdn.noticel.com\/2026\/09\/02200307\/DisplayAd-970x903-1-18x2.jpg 18w\" sizes=\"(max-width: 970px) 100vw, 970px\" width=\"970\" height=\"90\"   \/><\/a><\/div>\n<p>Indic\u00f3 que el pasado jueves, 8 de octubre de 2015 el corte de servicio de electricidad fue en el Laboratorio de Materiales de Ponce. El 15 de octubre de 2015 le cortaron el servicio el\u00e9ctrico a la Regional de Ponce.<\/p>\n<p>&#8216;La informaci\u00f3n que tenemos es que la deuda de la ACT a la AEE asciende a unos 45 millones y si no se paga la deuda continuar\u00e1n los cortes de luz a las facilidades del Tren Urbano y los Laboratorios de Materiales que se encuentran en Mayag\u00fcez y Bayam\u00f3n&#8217;, concluy\u00f3.<\/p>","protected":false},"excerpt":{"rendered":"<p>El Programa de Solidaridad UTIER, Cap\u00edtulo de ACT, que representa a los empleados unionados de la Autoridad de Carreteras y Transportaci\u00f3n (ACT) denunci\u00f3 el jueves que contin\u00faan los cortes del servicio de energ\u00eda electrica a las facilidades de la Autoridad de Carreteras. &#8216;Emplazamos a la Ing. Carmen Villar Prados, Directora Ejecutiva de la ACT a [&hellip;]<\/p>","protected":false},"author":0,"featured_media":517630,"comment_status":"closed","ping_status":"closed","sticky":false,"template":"","format":"standard","meta":{"_acf_changed":false,"_monsterinsights_skip_tracking":false,"ep_exclude_from_search":false,"footnotes":""},"categories":[2],"tags":[],"class_list":["post-47807","post","type-post","status-publish","format-standard","has-post-thumbnail","hentry","category-ultima-hora"],"acf":[],"aioseo_notices":[],"_links":{"self":[{"href":"https:\/\/noticel.com\/en\/wp-json\/wp\/v2\/posts\/47807","targetHints":{"allow":["GET"]}}],"collection":[{"href":"https:\/\/noticel.com\/en\/wp-json\/wp\/v2\/posts"}],"about":[{"href":"https:\/\/noticel.com\/en\/wp-json\/wp\/v2\/types\/post"}],"replies":[{"embeddable":true,"href":"https:\/\/noticel.com\/en\/wp-json\/wp\/v2\/comments?post=47807"}],"version-history":[{"count":1,"href":"https:\/\/noticel.com\/en\/wp-json\/wp\/v2\/posts\/47807\/revisions"}],"predecessor-version":[{"id":517634,"href":"https:\/\/noticel.com\/en\/wp-json\/wp\/v2\/posts\/47807\/revisions\/517634"}],"wp:featuredmedia":[{"embeddable":true,"href":"https:\/\/noticel.com\/en\/wp-json\/wp\/v2\/media\/517630"}],"wp:attachment":[{"href":"https:\/\/noticel.com\/en\/wp-json\/wp\/v2\/media?parent=47807"}],"wp:term":[{"taxonomy":"category","embeddable":true,"href":"https:\/\/noticel.com\/en\/wp-json\/wp\/v2\/categories?post=47807"},{"taxonomy":"post_tag","embeddable":true,"href":"https:\/\/noticel.com\/en\/wp-json\/wp\/v2\/tags?post=47807"}],"curies":[{"name":"wp","href":"https:\/\/api.w.org\/{rel}","templated":true}]}}