{"id":47672,"date":"2017-01-19T00:00:00","date_gmt":"2017-01-19T04:00:00","guid":{"rendered":"http:\/\/www.noticel.com\/en-serio\/la-calle\/viral\/20170119\/arrestan-a-teatrero-en-la-plaza-de-armas\/"},"modified":"2025-07-21T15:18:42","modified_gmt":"2025-07-21T15:18:42","slug":"arrestan-a-teatrero-en-la-plaza-de-armas","status":"publish","type":"post","link":"https:\/\/noticel.com\/en\/noticias\/la-calle\/20170119\/arrestan-a-teatrero-en-la-plaza-de-armas\/","title":{"rendered":"Arrestan a teatrero en la Plaza de Armas"},"content":{"rendered":"<p>Las autoridades arrestaron al teatrero Johan Figueroa-Gonz\u00e1lez en las Fiestas de la Calle San Sebasti\u00e1n, luego de que pasara el cerco en la Fuente de las Cuatro Estaciones, de la Plaza de Armas.<\/p>\n<p>&#8216;Estaciones: La voy a cortar. Me enfrentar\u00e9 a la Polic\u00eda. Nunca la cercan. Este a\u00f1o lo justificaron con lo delicada que son las maderas sobre la fuente. Pero en Navidades a ning\u00fan polic\u00eda se le ocurri\u00f3 que uno entre los cientos de ni\u00f1os que se treparon en la misma plataforma tambi\u00e9n estuvieron en riesgo&#8217;, escribi\u00f3 Figueroa-Gonz\u00e1lez en su Facebook.<\/p><div class=\"notic-content-middle\" id=\"notic-384085218\"><div class=\"notic-adlabel\">Advertisements<\/div><img loading=\"lazy\" decoding=\"async\" src=\"https:\/\/cdn.noticel.com\/2026\/09\/02203441\/728x90.jpg\" alt=\"\"  srcset=\"https:\/\/cdn.noticel.com\/2026\/09\/02203441\/728x90.jpg 728w, https:\/\/cdn.noticel.com\/2026\/09\/02203441\/728x90-300x37.jpg 300w, https:\/\/cdn.noticel.com\/2026\/09\/02203441\/728x90-18x2.jpg 18w\" sizes=\"(max-width: 728px) 100vw, 728px\" width=\"728\" height=\"90\"   \/><\/div>\n<p>Mientras, la alcaldesa de San Juan, Carmen Yul\u00edn, dijo en declaraciones escritas que &#8216;Johan no tuvo una situaci\u00f3n con el Mun de SJ. De hecho ten\u00eda un contrato con el Mun. de San Juan. Pero reglas son reglas. No se puede tener a quien quiera haciendo lo que quiera. Hay un elemento de seguridad en esta plaza que tiene paneles de madera y pueden ceder causando un problema&#8217;.<\/p>","protected":false},"excerpt":{"rendered":"<p>Las autoridades arrestaron al teatrero Johan Figueroa-Gonz\u00e1lez en las Fiestas de la Calle San Sebasti\u00e1n, luego de que pasara el cerco en la Fuente de las Cuatro Estaciones, de la Plaza de Armas. &#8216;Estaciones: La voy a cortar. Me enfrentar\u00e9 a la Polic\u00eda. Nunca la cercan. Este a\u00f1o lo justificaron con lo delicada que son [&hellip;]<\/p>","protected":false},"author":0,"featured_media":546489,"comment_status":"closed","ping_status":"closed","sticky":false,"template":"","format":"standard","meta":{"_acf_changed":false,"_monsterinsights_skip_tracking":false,"ep_exclude_from_search":false,"footnotes":""},"categories":[12,58],"tags":[],"class_list":["post-47672","post","type-post","status-publish","format-standard","has-post-thumbnail","hentry","category-la-calle","category-viral"],"acf":[],"aioseo_notices":[],"_links":{"self":[{"href":"https:\/\/noticel.com\/en\/wp-json\/wp\/v2\/posts\/47672","targetHints":{"allow":["GET"]}}],"collection":[{"href":"https:\/\/noticel.com\/en\/wp-json\/wp\/v2\/posts"}],"about":[{"href":"https:\/\/noticel.com\/en\/wp-json\/wp\/v2\/types\/post"}],"replies":[{"embeddable":true,"href":"https:\/\/noticel.com\/en\/wp-json\/wp\/v2\/comments?post=47672"}],"version-history":[{"count":1,"href":"https:\/\/noticel.com\/en\/wp-json\/wp\/v2\/posts\/47672\/revisions"}],"predecessor-version":[{"id":546492,"href":"https:\/\/noticel.com\/en\/wp-json\/wp\/v2\/posts\/47672\/revisions\/546492"}],"wp:featuredmedia":[{"embeddable":true,"href":"https:\/\/noticel.com\/en\/wp-json\/wp\/v2\/media\/546489"}],"wp:attachment":[{"href":"https:\/\/noticel.com\/en\/wp-json\/wp\/v2\/media?parent=47672"}],"wp:term":[{"taxonomy":"category","embeddable":true,"href":"https:\/\/noticel.com\/en\/wp-json\/wp\/v2\/categories?post=47672"},{"taxonomy":"post_tag","embeddable":true,"href":"https:\/\/noticel.com\/en\/wp-json\/wp\/v2\/tags?post=47672"}],"curies":[{"name":"wp","href":"https:\/\/api.w.org\/{rel}","templated":true}]}}