{"id":47438,"date":"2011-05-14T00:00:00","date_gmt":"2011-05-14T04:00:00","guid":{"rendered":"http:\/\/www.noticel.com\/vida\/20110514\/como-fortalecer-tu-autoestima\/"},"modified":"2025-08-29T14:21:35","modified_gmt":"2025-08-29T14:21:35","slug":"como-fortalecer-tu-autoestima","status":"publish","type":"post","link":"https:\/\/noticel.com\/en\/vida-y-bienestar\/20110514\/como-fortalecer-tu-autoestima\/","title":{"rendered":"C\u00f3mo fortalecer tu autoestima"},"content":{"rendered":"<p>La autoestima es lo que pensamos que somos. Es la palabra que utilizamos al referirnos a nosotros mismos, as\u00ed como las acciones que nos ayudan a levantar o a debilitar nuestro ser. La autoestima, seg\u00fan coinciden los expertos en salud mental, no es algo que se compra o se recibe como regalo: es una experiencia de vida, el trato que te das y que refleja la manera en que has sido tratado. Por eso, es importante desarrollar desde temprano en la vida una autoestima saludable de manera que nos acompa\u00f1e toda la vida.<\/p>\n<p>La autoestima se refleja en el exterior en forma de autoimagen. Esta proyecci\u00f3n de lo que pensamos de nosotros mismos es lo que los dem\u00e1s perciben al notar nuestra presencia.<\/p>\n<p>Se recomienda que cada persona examine, de forma peri\u00f3dica su autoestima y autoimagen para comprobar si te est\u00e1s convirti\u00e9ndo en lo que deseas ser.<\/p>\n<p><strong>Conductas que debilitan la autoestima y autoimagen:<\/strong><\/p>\n<p>&#8211; Criticarte o dejar que otros te critiquen de manera da\u00f1ina.<\/p>\n<p>&#8211; Aceptar abusos, ya sea de superiores o familia.<\/p>\n<p>&#8211; Involucrarte en conversaciones negativas, chismes, ect.<\/p>\n<p>&#8211; No aprender a defenderte de manera adecuada.<\/p>\n<p>&#8211; Actuar de forma humillante o peligrosa para tu bienestar o seguridad.<\/p>\n<p>&#8211; Considerar tu cuerpo como la \u00fanica forma que te define, sin considerar tu mundo espiritual.<\/p>\n<p>&#8211; Sabotear con acciones la manera en que piensas de t\u00ed mismo.<\/p><div class=\"notic-content-middle\" id=\"notic-477942230\"><div class=\"notic-adlabel\">Advertisements<\/div><a data-no-instant=\"1\" href=\"https:\/\/www.asegurate-bien.com\/\" rel=\"noopener\" class=\"a2t-link\" target=\"_blank\" aria-label=\"Acodese-Adaptaciones-Noticel-300&#215;600\"><img loading=\"lazy\" decoding=\"async\" src=\"https:\/\/cdn.noticel.com\/2026\/05\/30094652\/Acodese-Adaptaciones-Noticel-300x600-1.jpg\" alt=\"\"  srcset=\"https:\/\/cdn.noticel.com\/2026\/05\/30094652\/Acodese-Adaptaciones-Noticel-300x600-1.jpg 300w, https:\/\/cdn.noticel.com\/2026\/05\/30094652\/Acodese-Adaptaciones-Noticel-300x600-1-150x300.jpg 150w, https:\/\/cdn.noticel.com\/2026\/05\/30094652\/Acodese-Adaptaciones-Noticel-300x600-1-6x12.jpg 6w\" sizes=\"(max-width: 300px) 100vw, 300px\" width=\"300\" height=\"600\"   \/><\/a><\/div>\n<p>&#8211; Pensar de una forma y actuar de otra.<\/p>\n<p>&#8211; Descuidar nuestro ser, tanto externo como en la salud.<\/p>\n<p><strong>C\u00f3mo fortalecer la autoestima y reforzar la autoimagen<\/strong>:<\/p>\n<p>&#8211; Aprender a decir no ante una situaci\u00f3n de abuso o humillante.<\/p>\n<p>&#8211; Actuar y defenderte de una manera adecuada, sin violencia.<\/p>\n<p>&#8211; Hablar con la verdad.<\/p>\n<p>&#8211; Usar el discernimiento para actuar de forma edificante.<\/p>\n<p>&#8211; Reflexionar sobre tu proyecci\u00f3n ante los dem\u00e1s.<\/p>\n<p>&#8211; Comprometerte en cuidar de tu persona, en todos los aspectos.<\/p>\n<p>&#8211; Meditar sobre las contradicciones y actuar para eliminarlas de tu vida.<\/p>\n<p>&#8211; Aceptarte tal y como eres y abrirte a la posibilidad de cambiar positivamente.<\/p>","protected":false},"excerpt":{"rendered":"<p>La autoestima es lo que pensamos que somos. Es la palabra que utilizamos al referirnos a nosotros mismos, as\u00ed como las acciones que nos ayudan a levantar o a debilitar nuestro ser. La autoestima, seg\u00fan coinciden los expertos en salud mental, no es algo que se compra o se recibe como regalo: es una experiencia [&hellip;]<\/p>","protected":false},"author":0,"featured_media":936952,"comment_status":"closed","ping_status":"closed","sticky":false,"template":"","format":"standard","meta":{"_acf_changed":false,"_monsterinsights_skip_tracking":false,"ep_exclude_from_search":false,"footnotes":""},"categories":[69],"tags":[],"class_list":["post-47438","post","type-post","status-publish","format-standard","has-post-thumbnail","hentry","category-vida-y-bienestar"],"acf":[],"aioseo_notices":[],"_links":{"self":[{"href":"https:\/\/noticel.com\/en\/wp-json\/wp\/v2\/posts\/47438","targetHints":{"allow":["GET"]}}],"collection":[{"href":"https:\/\/noticel.com\/en\/wp-json\/wp\/v2\/posts"}],"about":[{"href":"https:\/\/noticel.com\/en\/wp-json\/wp\/v2\/types\/post"}],"replies":[{"embeddable":true,"href":"https:\/\/noticel.com\/en\/wp-json\/wp\/v2\/comments?post=47438"}],"version-history":[{"count":1,"href":"https:\/\/noticel.com\/en\/wp-json\/wp\/v2\/posts\/47438\/revisions"}],"predecessor-version":[{"id":936963,"href":"https:\/\/noticel.com\/en\/wp-json\/wp\/v2\/posts\/47438\/revisions\/936963"}],"wp:featuredmedia":[{"embeddable":true,"href":"https:\/\/noticel.com\/en\/wp-json\/wp\/v2\/media\/936952"}],"wp:attachment":[{"href":"https:\/\/noticel.com\/en\/wp-json\/wp\/v2\/media?parent=47438"}],"wp:term":[{"taxonomy":"category","embeddable":true,"href":"https:\/\/noticel.com\/en\/wp-json\/wp\/v2\/categories?post=47438"},{"taxonomy":"post_tag","embeddable":true,"href":"https:\/\/noticel.com\/en\/wp-json\/wp\/v2\/tags?post=47438"}],"curies":[{"name":"wp","href":"https:\/\/api.w.org\/{rel}","templated":true}]}}