{"id":46937,"date":"2018-05-01T00:00:00","date_gmt":"2018-05-01T04:00:00","guid":{"rendered":"http:\/\/www.noticel.com\/la-calle\/video\/20180501\/saludo-cultural-al-1ro-de-mayo\/"},"modified":"2025-07-28T02:15:18","modified_gmt":"2025-07-28T02:15:18","slug":"saludo-cultural-al-1ro-de-mayo","status":"publish","type":"post","link":"https:\/\/noticel.com\/en\/noticias\/la-calle\/20180501\/saludo-cultural-al-1ro-de-mayo\/","title":{"rendered":"Saludo Cultural al 1ro de mayo"},"content":{"rendered":"<p><i>Fue un encuentro de artistas y de pueblo<\/i><\/p><div class=\"notic-content-middle\" id=\"notic-2661813844\"><div class=\"notic-adlabel\">Advertisements<\/div><a data-no-instant=\"1\" href=\"https:\/\/qrco.de\/bgxd5v\" rel=\"noopener\" class=\"a2t-link\" target=\"_blank\" aria-label=\"DisplayAd-970&#215;90\"><img loading=\"lazy\" decoding=\"async\" src=\"https:\/\/cdn.noticel.com\/2026\/09\/02195840\/DisplayAd-970x90-1.jpg\" alt=\"\"  srcset=\"https:\/\/cdn.noticel.com\/2026\/09\/02195840\/DisplayAd-970x90-1.jpg 970w, https:\/\/cdn.noticel.com\/2026\/09\/02195840\/DisplayAd-970x90-1-300x28.jpg 300w, https:\/\/cdn.noticel.com\/2026\/09\/02195840\/DisplayAd-970x90-1-768x71.jpg 768w, https:\/\/cdn.noticel.com\/2026\/09\/02195840\/DisplayAd-970x90-1-18x2.jpg 18w\" sizes=\"(max-width: 970px) 100vw, 970px\" width=\"970\" height=\"90\"   \/><\/a><\/div>\n<p>Encuentro de artistas y de pueblo, se convoc\u00f3,hoy lunes,por la organizaci\u00f3n Somos,como pre\u00e1mbulo a la conmemoraci\u00f3n del 1ro. de mayo, D\u00eda Internacional de la Clase Trabajadora.\u00a0\u00a0\u00a0\u00a0\u00a0\u00a0\u00a0\u00a0<\/p>","protected":false},"excerpt":{"rendered":"<p>Fue un encuentro de artistas y de pueblo Encuentro de artistas y de pueblo, se convoc\u00f3,hoy lunes,por la organizaci\u00f3n Somos,como pre\u00e1mbulo a la conmemoraci\u00f3n del 1ro. de mayo, D\u00eda Internacional de la Clase Trabajadora.\u00a0\u00a0\u00a0\u00a0\u00a0\u00a0\u00a0\u00a0<\/p>","protected":false},"author":0,"featured_media":595971,"comment_status":"closed","ping_status":"closed","sticky":false,"template":"","format":"standard","meta":{"_acf_changed":false,"_monsterinsights_skip_tracking":false,"ep_exclude_from_search":false,"footnotes":""},"categories":[12,61],"tags":[],"class_list":["post-46937","post","type-post","status-publish","format-standard","has-post-thumbnail","hentry","category-la-calle","category-video"],"acf":[],"aioseo_notices":[],"_links":{"self":[{"href":"https:\/\/noticel.com\/en\/wp-json\/wp\/v2\/posts\/46937","targetHints":{"allow":["GET"]}}],"collection":[{"href":"https:\/\/noticel.com\/en\/wp-json\/wp\/v2\/posts"}],"about":[{"href":"https:\/\/noticel.com\/en\/wp-json\/wp\/v2\/types\/post"}],"replies":[{"embeddable":true,"href":"https:\/\/noticel.com\/en\/wp-json\/wp\/v2\/comments?post=46937"}],"version-history":[{"count":1,"href":"https:\/\/noticel.com\/en\/wp-json\/wp\/v2\/posts\/46937\/revisions"}],"predecessor-version":[{"id":596300,"href":"https:\/\/noticel.com\/en\/wp-json\/wp\/v2\/posts\/46937\/revisions\/596300"}],"wp:featuredmedia":[{"embeddable":true,"href":"https:\/\/noticel.com\/en\/wp-json\/wp\/v2\/media\/595971"}],"wp:attachment":[{"href":"https:\/\/noticel.com\/en\/wp-json\/wp\/v2\/media?parent=46937"}],"wp:term":[{"taxonomy":"category","embeddable":true,"href":"https:\/\/noticel.com\/en\/wp-json\/wp\/v2\/categories?post=46937"},{"taxonomy":"post_tag","embeddable":true,"href":"https:\/\/noticel.com\/en\/wp-json\/wp\/v2\/tags?post=46937"}],"curies":[{"name":"wp","href":"https:\/\/api.w.org\/{rel}","templated":true}]}}