{"id":46604,"date":"2011-12-10T00:00:00","date_gmt":"2011-12-10T04:00:00","guid":{"rendered":"http:\/\/www.noticel.com\/ahora\/20111210\/bazar-de-la-casa-protegida-julia-de-burgos\/"},"modified":"2025-08-28T22:46:13","modified_gmt":"2025-08-28T22:46:13","slug":"bazar-de-la-casa-protegida-julia-de-burgos","status":"publish","type":"post","link":"https:\/\/noticel.com\/en\/ultima-hora\/20111210\/bazar-de-la-casa-protegida-julia-de-burgos\/","title":{"rendered":"Bazar de la Casa Protegida Julia de Burgos"},"content":{"rendered":"<p>La Casa Protegida Julia de Burgos celebra hoy la tercera edici\u00f3n de su bazar pro fondos a la organizaci\u00f3n en la sede de la Liga de Cooperativas de Puerto Rico, en la Roosevelt en Hato Rey, con la intenci\u00f3n de paliar el &#8216;devastador&#8217; impacto de los recortes econ\u00f3micos.<\/p>\n<p>La licenciada Olga L\u00f3pez B\u00e1ez, presidenta de la Junta de Directoras de la entidad, dijo a NotiCel que en la actividad se exponen art\u00edculos del hogar, ropa, comida y pinturas.<\/p>\n<p>La organizaci\u00f3n sugiere un donativo de entre $1 y $50 por los distintos art\u00edculos donados para allegar fondos a la Casa Protegida Julia de Burgos y que ayuden a cubrir sus gastos operacionales. Dicha entidad sin fines lucro depende en gran medida de donativos externos y de distintas propuestas para mantenerse a flote y evitar un cierre como le ocurri\u00f3 en el 2007, dejando desprovistas a varias v\u00edctimas de violencia dom\u00e9stica.<\/p>\n<p>Con la actividad que finaliza hoy a las 5:00 pm, pero que tambi\u00e9n se efectuar\u00e1 ma\u00f1ana de 10:00 am a 5:00 pm, esperan recaudar m\u00e1s de $4 mil, precis\u00f3 L\u00f3pez B\u00e1ez.<\/p><div class=\"notic-content-middle\" id=\"notic-190185723\"><div class=\"notic-adlabel\">Advertisements<\/div><a data-no-instant=\"1\" href=\"https:\/\/qrco.de\/bgxd5v\" rel=\"noopener\" class=\"a2t-link\" target=\"_blank\" aria-label=\"DisplayAd-728&#215;903\"><img loading=\"lazy\" decoding=\"async\" src=\"https:\/\/cdn.noticel.com\/2026\/08\/11174955\/DisplayAd-728x903-1.jpg\" alt=\"\"  srcset=\"https:\/\/cdn.noticel.com\/2026\/08\/11174955\/DisplayAd-728x903-1.jpg 728w, https:\/\/cdn.noticel.com\/2026\/08\/11174955\/DisplayAd-728x903-1-300x37.jpg 300w, https:\/\/cdn.noticel.com\/2026\/08\/11174955\/DisplayAd-728x903-1-18x2.jpg 18w\" sizes=\"(max-width: 728px) 100vw, 728px\" width=\"728\" height=\"90\"   \/><\/a><\/div>\n<p>Para L\u00f3pez B\u00e1ez, &#8216;el impacto de los recortes econ\u00f3micos ha sido devastador&#8217;, para la organizaci\u00f3n. Estos recortes se han dado m\u00e1s en la otorgaci\u00f3n de fondos federales y estatales. Pese a esto destac\u00f3 el apoyo que han tenido de la ciudadan\u00eda.<\/p>\n<p>En esa l\u00ednea hizo un llamado para que &#8216;la ciudadan\u00eda siga cooperando como lo han hecho en el pasado y a las mujeres que existen alternativas de paz para salir del ciclo de la violencia dom\u00e9stica&#8217;.<\/p>\n<p>La Casa Protegida Julia de Burgos fue fundada en el 1979 y es la primera entidad que se cre\u00f3 en Puerto Rico para brindar albergues a las v\u00edctimas de violencia dom\u00e9stica. Actualmente tiene centros en San Juan, Ponce y Aguadilla.<\/p>","protected":false},"excerpt":{"rendered":"<p>La Casa Protegida Julia de Burgos celebra hoy la tercera edici\u00f3n de su bazar pro fondos a la organizaci\u00f3n en la sede de la Liga de Cooperativas de Puerto Rico, en la Roosevelt en Hato Rey, con la intenci\u00f3n de paliar el &#8216;devastador&#8217; impacto de los recortes econ\u00f3micos. La licenciada Olga L\u00f3pez B\u00e1ez, presidenta de [&hellip;]<\/p>","protected":false},"author":0,"featured_media":928625,"comment_status":"closed","ping_status":"closed","sticky":false,"template":"","format":"standard","meta":{"_acf_changed":false,"_monsterinsights_skip_tracking":false,"ep_exclude_from_search":false,"footnotes":""},"categories":[2],"tags":[],"class_list":["post-46604","post","type-post","status-publish","format-standard","has-post-thumbnail","hentry","category-ultima-hora"],"acf":[],"aioseo_notices":[],"_links":{"self":[{"href":"https:\/\/noticel.com\/en\/wp-json\/wp\/v2\/posts\/46604","targetHints":{"allow":["GET"]}}],"collection":[{"href":"https:\/\/noticel.com\/en\/wp-json\/wp\/v2\/posts"}],"about":[{"href":"https:\/\/noticel.com\/en\/wp-json\/wp\/v2\/types\/post"}],"replies":[{"embeddable":true,"href":"https:\/\/noticel.com\/en\/wp-json\/wp\/v2\/comments?post=46604"}],"version-history":[{"count":1,"href":"https:\/\/noticel.com\/en\/wp-json\/wp\/v2\/posts\/46604\/revisions"}],"predecessor-version":[{"id":928642,"href":"https:\/\/noticel.com\/en\/wp-json\/wp\/v2\/posts\/46604\/revisions\/928642"}],"wp:featuredmedia":[{"embeddable":true,"href":"https:\/\/noticel.com\/en\/wp-json\/wp\/v2\/media\/928625"}],"wp:attachment":[{"href":"https:\/\/noticel.com\/en\/wp-json\/wp\/v2\/media?parent=46604"}],"wp:term":[{"taxonomy":"category","embeddable":true,"href":"https:\/\/noticel.com\/en\/wp-json\/wp\/v2\/categories?post=46604"},{"taxonomy":"post_tag","embeddable":true,"href":"https:\/\/noticel.com\/en\/wp-json\/wp\/v2\/tags?post=46604"}],"curies":[{"name":"wp","href":"https:\/\/api.w.org\/{rel}","templated":true}]}}