{"id":46333,"date":"2013-12-23T00:00:00","date_gmt":"2013-12-23T04:00:00","guid":{"rendered":"http:\/\/www.noticel.com\/ahora\/retiro\/20131223\/inconformes-los-maestros-con-enmiendas-al-proyecto-de-su-retiro\/"},"modified":"2025-08-22T15:22:32","modified_gmt":"2025-08-22T15:22:32","slug":"inconformes-los-maestros-con-enmiendas-al-proyecto-de-su-retiro","status":"publish","type":"post","link":"https:\/\/noticel.com\/en\/ultima-hora\/20131223\/inconformes-los-maestros-con-enmiendas-al-proyecto-de-su-retiro\/","title":{"rendered":"Inconformes los maestros con enmiendas al proyecto de su retiro"},"content":{"rendered":"<p>Aida D\u00edaz, presidente de la Asociaci\u00f3n de Maestros, dijo a NotiCel que el proyecto que reforma el sistema de retiro magisterial, sube la edad de jubilaci\u00f3n a unos profesionales que trabajan en condiciones que no son id\u00f3neas.<\/p>\n<p>La propuesta ley mantiene dos posibles edades de retiro para todos los maestros activos al 31 de julio de 2014, ambas dependientes de los a\u00f1os de servicio brindados. La primera es a los 55 a\u00f1os, en caso de que se 30 a\u00f1os o m\u00e1s de servicio y a los 60 a\u00f1os para aquellos maestros con al menos 5 a\u00f1os de servicio en el magisterio. En el caso de los maestros que ingresen al Sistema despu\u00e9s del 31 de julio de 2014, esta ley aumenta la edad de retiro a los 62 a\u00f1os.<\/p>\n<p>&#8216;Son 1,000 y pico los que se retiran ahora pero qu\u00e9 pasa con los dem\u00e1s?&#8217; dijo D\u00edaz.<\/p>\n<p>Las organizaciones magisteriales, unidas bajo el Frente en Defensa al Sistema de Retiro para Maestros, ya tienen los votos para irse a la huelga en enero. D\u00edaz dijo que no descartan ir a los tribunales por lo atropellado del proceso con que se aprob\u00f3 la reforma.<\/p>\n<p>Domingo Madera, presidente de Educadores Puertorrique\u00f1os en Acci\u00f3n, dijo que aunque el Senado est\u00e9 cohibido de hacerle enmiendas al proyecto, ellos pedir\u00e1n que se enmiende.<\/p>\n<p>Madera dijo que ellos pidieron concesiones para aquellos maestros que tuvieran al menos 25 a\u00f1os en el sistema para que pudieran retirarse con el 70% de su sueldo cono pensi\u00f3n y que los que tuvieran dos o tres a\u00f1os para retirarse pudieran hacerlo con el 73% de su sueldo como pensi\u00f3n.<\/p>\n<p>&#8216;Lo \u00fanico que hicieron fue la ventana para aquellos que tienen 28 y 29 a\u00f1os de servicio y les bajaron la pensi\u00f3n al 70% cuando ten\u00edan derecho al 75%&#8217;, dijo Madera.<\/p>\n<p>Un senador que pidi\u00f3 no se usara su nombre por no crear controversia vio muy dif\u00edcil que el proyecto sufra enmiendas a estas alturas. &#8216;El proyecto se aprobar\u00e1 como sali\u00f3 de la C\u00e1mara&#8217;, dijo.<\/p>","protected":false},"excerpt":{"rendered":"<p>Aida D\u00edaz, presidente de la Asociaci\u00f3n de Maestros, dijo a NotiCel que el proyecto que reforma el sistema de retiro magisterial, sube la edad de jubilaci\u00f3n a unos profesionales que trabajan en condiciones que no son id\u00f3neas. La propuesta ley mantiene dos posibles edades de retiro para todos los maestros activos al 31 de julio [&hellip;]<\/p>","protected":false},"author":0,"featured_media":891962,"comment_status":"closed","ping_status":"closed","sticky":false,"template":"","format":"standard","meta":{"_acf_changed":false,"_monsterinsights_skip_tracking":false,"ep_exclude_from_search":false,"footnotes":""},"categories":[78,2],"tags":[],"class_list":["post-46333","post","type-post","status-publish","format-standard","has-post-thumbnail","hentry","category-retiro","category-ultima-hora"],"acf":[],"aioseo_notices":[],"_links":{"self":[{"href":"https:\/\/noticel.com\/en\/wp-json\/wp\/v2\/posts\/46333","targetHints":{"allow":["GET"]}}],"collection":[{"href":"https:\/\/noticel.com\/en\/wp-json\/wp\/v2\/posts"}],"about":[{"href":"https:\/\/noticel.com\/en\/wp-json\/wp\/v2\/types\/post"}],"replies":[{"embeddable":true,"href":"https:\/\/noticel.com\/en\/wp-json\/wp\/v2\/comments?post=46333"}],"version-history":[{"count":1,"href":"https:\/\/noticel.com\/en\/wp-json\/wp\/v2\/posts\/46333\/revisions"}],"predecessor-version":[{"id":892012,"href":"https:\/\/noticel.com\/en\/wp-json\/wp\/v2\/posts\/46333\/revisions\/892012"}],"wp:featuredmedia":[{"embeddable":true,"href":"https:\/\/noticel.com\/en\/wp-json\/wp\/v2\/media\/891962"}],"wp:attachment":[{"href":"https:\/\/noticel.com\/en\/wp-json\/wp\/v2\/media?parent=46333"}],"wp:term":[{"taxonomy":"category","embeddable":true,"href":"https:\/\/noticel.com\/en\/wp-json\/wp\/v2\/categories?post=46333"},{"taxonomy":"post_tag","embeddable":true,"href":"https:\/\/noticel.com\/en\/wp-json\/wp\/v2\/tags?post=46333"}],"curies":[{"name":"wp","href":"https:\/\/api.w.org\/{rel}","templated":true}]}}