{"id":46097,"date":"2014-02-12T00:00:00","date_gmt":"2014-02-12T04:00:00","guid":{"rendered":"http:\/\/www.noticel.com\/ahora\/politica\/20140212\/agp-celebra-empleos-creados-pero-otra-vez-calla-sobre-los-perdidos-docu\/"},"modified":"2025-08-20T06:01:37","modified_gmt":"2025-08-20T06:01:37","slug":"agp-celebra-empleos-creados-pero-otra-vez-calla-sobre-los-perdidos-docu","status":"publish","type":"post","link":"https:\/\/noticel.com\/en\/ultima-hora\/20140212\/agp-celebra-empleos-creados-pero-otra-vez-calla-sobre-los-perdidos-docu\/","title":{"rendered":"AGP celebra empleos creados, pero, otra vez, calla sobre los perdidos (docu"},"content":{"rendered":"<p>A un a\u00f1o de entrar en vigor la Ley de Empleos Ahora, el gobernador Alejandro Garc\u00eda Padilla asegur\u00f3 este miercoles que su gobierno ha logrado la creaci\u00f3n de sobre 40 mil plazas de empleos, lo que representa un 82% de la meta de 50 mil que hab\u00eda prometido en su campa\u00f1a.<\/p>\n<p>Sin embargo, el primer ejecutivo no precis\u00f3 la cantidad de empleos perdidos en el pasado a\u00f1o, y sobre el particular, el secretario del Departamento del Trabajo, Vance Thomas, aclar\u00f3 que la agencia no mide ese n\u00famero, sino las personas que no est\u00e1n trabajando.<\/p>\n<p>&#8216;El n\u00famero de desempleo no es como se hac\u00eda antes con algunas estad\u00edsticas locales que se manipulaban. Es un n\u00famero que da el Departamento del Trabajo de Puerto Rico con el Departamento del Trabajo federal. El desempleo en Puerto Rico baj\u00f3 en el 2013 versus el 2012, y aument\u00f3 la tasa de participaci\u00f3n laboral&#8217;, dijo.<\/p>\n<p>No obstante, cifras del Departamento del Trabajo de diciembre 2013 contradicen al mandatario. Los n\u00fameros establecen que 19,000 personas menos estaban sin empleo en comparaci\u00f3n al a\u00f1o anterior. Sobre el particular, el secretario explic\u00f3 que en esas cifras est\u00e1n incluidas personas retiradas y estudiantes.<\/p>\n<p>De acuerdo al mandatario, los 41,145 nuevos empleos se dividen en 1,156 en el turismo, 3,559 en agricultura; 3,639 en manufactura y tecnolog\u00eda, y 6,015 en comercios.<\/p>\n<p>Asimismo, inform\u00f3 la creaci\u00f3n de 7,213 plazas en servicios, y 19,563 en una d\u00e9bil industria de la construcci\u00f3n.<\/p>\n<p>&#8216;Vamos a superar los 50 mil empleos, con toda probabilidad en menos de 18 meses, pero no me detengo ah\u00ed. Van a ser m\u00e1s de 50 mil&#8217;, reiter\u00f3 el Gobernador en rueda de prensa en la feria de empleo &#8216;A paso firme&#8217;,auspiciada por la Administraci\u00f3n de Desarrollo Laboral.<\/p>\n<p>A insistencias de la prensa sobre la cantidad de empleos perdidos, el ejecutivo sostuvo que si su gobierno no hubiese creado esas plazas, la cifra de personas sin trabajo ser\u00eda sobre 60,000.<\/p><div class=\"notic-content-middle\" id=\"notic-8255187\"><div class=\"notic-adlabel\">Advertisements<\/div><a data-no-instant=\"1\" href=\"https:\/\/qrco.de\/bgxd5v\" rel=\"noopener\" class=\"a2t-link\" target=\"_blank\" aria-label=\"300X600-SEBUSCA3\"><img loading=\"lazy\" decoding=\"async\" src=\"https:\/\/cdn.noticel.com\/2026\/08\/11173221\/300X600-SEBUSCA3.jpg\" alt=\"\"  srcset=\"https:\/\/cdn.noticel.com\/2026\/08\/11173221\/300X600-SEBUSCA3.jpg 300w, https:\/\/cdn.noticel.com\/2026\/08\/11173221\/300X600-SEBUSCA3-150x300.jpg 150w, https:\/\/cdn.noticel.com\/2026\/08\/11173221\/300X600-SEBUSCA3-6x12.jpg 6w\" sizes=\"(max-width: 300px) 100vw, 300px\" width=\"300\" height=\"600\"   \/><\/a><\/div>\n<p>&#8216;Con la Ley de Empleos Ahora, 574 patronos, la mayor\u00eda de los cuales son peque\u00f1as y medianas empresas, han recibido beneficios a cambio de crear empleos. Los beneficios del estatuto incluyen subsidios en el pago de salarios, cr\u00e9ditos para pagar la electricidad, exenciones en contribuciones y descuentos en p\u00f3lizas del Fondo del Seguro del Estado&#8217;, subray\u00f3 el Primer Mandatario.<\/p>\n<p>Esos patronos, indic\u00f3 Garc\u00eda Padilla, se comprometieron a crear 6,448 empleos adicionales.<\/p>\n<p>&#8216;Mientras m\u00e1s alta la tasa de participaci\u00f3n laboral, m\u00e1s empleos hay que crear para bajar el desempleo. A la vez que subimos la tasa de participaci\u00f3n laboral, reducimos el desempleo&#8217;, finaliz\u00f3 Garc\u00eda Padilla.<\/p>\n<p>Vea tambi\u00e9n:<\/p>\n<p><a href=\"https:\/\/noticel.com\/en\/noticia\/154963\/se-pierden-18000-empleos-en-el-2013.html\/\">Se pierden 18,000 empleos en el 2013<\/a><\/p>\n<p><a href=\"https:\/\/noticel.com\/en\/noticia\/146962\/los-28000-empleos-cuando-solo-se-cuenta-la-mitad-de-la-historia.html\/\">Los 28,000 empleos&#8230; cuando s\u00f3lo se cuenta la mitad de la historia<\/a><\/p>\n<p><a href=\"https:\/\/noticel.com\/en\/noticia\/145587\/agp-sigue-contando-50000-empleos-no-empece-los-que-se-han-perdido.html\/\">AGP sigue contando 50,000 empleos, no empece los que se han perdido<\/a><\/p>\n<p><a href=\"https:\/\/media.noticel.com\/o2com-noti-media-us-east-1\/document_dev\/2017\/08\/23\/7a28aa17def9370774a50cf60b82e6f3_8212600_ver1.0.PDF\" target=\"_blank\"> Tabla de empleos creados distribuida por Fortaleza &#8211; NotiCel_5622<\/a><\/p>","protected":false},"excerpt":{"rendered":"<p>A un a\u00f1o de entrar en vigor la Ley de Empleos Ahora, el gobernador Alejandro Garc\u00eda Padilla asegur\u00f3 este miercoles que su gobierno ha logrado la creaci\u00f3n de sobre 40 mil plazas de empleos, lo que representa un 82% de la meta de 50 mil que hab\u00eda prometido en su campa\u00f1a. Sin embargo, el primer [&hellip;]<\/p>","protected":false},"author":0,"featured_media":879723,"comment_status":"closed","ping_status":"closed","sticky":false,"template":"","format":"standard","meta":{"_acf_changed":false,"_monsterinsights_skip_tracking":false,"ep_exclude_from_search":false,"footnotes":""},"categories":[7,2],"tags":[],"class_list":["post-46097","post","type-post","status-publish","format-standard","has-post-thumbnail","hentry","category-politica","category-ultima-hora"],"acf":[],"aioseo_notices":[],"_links":{"self":[{"href":"https:\/\/noticel.com\/en\/wp-json\/wp\/v2\/posts\/46097","targetHints":{"allow":["GET"]}}],"collection":[{"href":"https:\/\/noticel.com\/en\/wp-json\/wp\/v2\/posts"}],"about":[{"href":"https:\/\/noticel.com\/en\/wp-json\/wp\/v2\/types\/post"}],"replies":[{"embeddable":true,"href":"https:\/\/noticel.com\/en\/wp-json\/wp\/v2\/comments?post=46097"}],"version-history":[{"count":1,"href":"https:\/\/noticel.com\/en\/wp-json\/wp\/v2\/posts\/46097\/revisions"}],"predecessor-version":[{"id":879728,"href":"https:\/\/noticel.com\/en\/wp-json\/wp\/v2\/posts\/46097\/revisions\/879728"}],"wp:featuredmedia":[{"embeddable":true,"href":"https:\/\/noticel.com\/en\/wp-json\/wp\/v2\/media\/879723"}],"wp:attachment":[{"href":"https:\/\/noticel.com\/en\/wp-json\/wp\/v2\/media?parent=46097"}],"wp:term":[{"taxonomy":"category","embeddable":true,"href":"https:\/\/noticel.com\/en\/wp-json\/wp\/v2\/categories?post=46097"},{"taxonomy":"post_tag","embeddable":true,"href":"https:\/\/noticel.com\/en\/wp-json\/wp\/v2\/tags?post=46097"}],"curies":[{"name":"wp","href":"https:\/\/api.w.org\/{rel}","templated":true}]}}