{"id":46083,"date":"2013-08-21T00:00:00","date_gmt":"2013-08-21T04:00:00","guid":{"rendered":"http:\/\/www.noticel.com\/economia\/20130821\/claro-y-dish-anuncian-alianza\/"},"modified":"2025-08-22T12:29:51","modified_gmt":"2025-08-22T12:29:51","slug":"claro-y-dish-anuncian-alianza","status":"publish","type":"post","link":"https:\/\/noticel.com\/en\/economia\/20130821\/claro-y-dish-anuncian-alianza\/","title":{"rendered":"Claro y Dish anuncian alianza"},"content":{"rendered":"<p>DISH Puerto Rico y Claro ofrecer\u00e1n sus servicios de televisi\u00f3n por suscripci\u00f3n, telefon\u00eda e Internet de forma conjunta. De esta forma Claro eliminar\u00e1 de forma paulatina su servicio de Claro TV, pero seguir\u00e1 con la oferta de servicio de televisi\u00f3n de pago a traves de protocolo de Internet (IPTV).<\/p>\n<p>Con esta alianza, DISH espera lograr un crecimiento de m\u00e1s de 50% en su cuota en el mercado de televisi\u00f3n de pago.<\/p>\n<p>Enrique Ortiz de Montellano Rangel, presidente y principal oficial ejecutivo de Claro, calific\u00f3 la alianza como &#8216;un paso natural&#8217; porque permite llevar a los suscriptores los tres servicios de televisi\u00f3n, telefon\u00eda e Internet.<\/p>\n<p>El acuerdo permitir\u00e1 facturar los servicios de DISH en la factura de Claro. Ortiz de Montellano se\u00f1al\u00f3 que los planes de Claro son sustituir poco a poco el producto de Claro TV por el de Dish.<\/p>\n<p>Puedes leer la historia completa en <a href=\"http:\/\/sincomillas.com\/claro-y-dish-anuncian-alianza\/\">sincomillas.com<\/a>.<\/p>","protected":false},"excerpt":{"rendered":"<p>DISH Puerto Rico y Claro ofrecer\u00e1n sus servicios de televisi\u00f3n por suscripci\u00f3n, telefon\u00eda e Internet de forma conjunta. De esta forma Claro eliminar\u00e1 de forma paulatina su servicio de Claro TV, pero seguir\u00e1 con la oferta de servicio de televisi\u00f3n de pago a traves de protocolo de Internet (IPTV). Con esta alianza, DISH espera lograr [&hellip;]<\/p>","protected":false},"author":0,"featured_media":890627,"comment_status":"closed","ping_status":"closed","sticky":false,"template":"","format":"standard","meta":{"_acf_changed":false,"_monsterinsights_skip_tracking":false,"ep_exclude_from_search":false,"footnotes":""},"categories":[22],"tags":[],"class_list":["post-46083","post","type-post","status-publish","format-standard","has-post-thumbnail","hentry","category-economia"],"acf":[],"aioseo_notices":[],"_links":{"self":[{"href":"https:\/\/noticel.com\/en\/wp-json\/wp\/v2\/posts\/46083","targetHints":{"allow":["GET"]}}],"collection":[{"href":"https:\/\/noticel.com\/en\/wp-json\/wp\/v2\/posts"}],"about":[{"href":"https:\/\/noticel.com\/en\/wp-json\/wp\/v2\/types\/post"}],"replies":[{"embeddable":true,"href":"https:\/\/noticel.com\/en\/wp-json\/wp\/v2\/comments?post=46083"}],"version-history":[{"count":1,"href":"https:\/\/noticel.com\/en\/wp-json\/wp\/v2\/posts\/46083\/revisions"}],"predecessor-version":[{"id":890703,"href":"https:\/\/noticel.com\/en\/wp-json\/wp\/v2\/posts\/46083\/revisions\/890703"}],"wp:featuredmedia":[{"embeddable":true,"href":"https:\/\/noticel.com\/en\/wp-json\/wp\/v2\/media\/890627"}],"wp:attachment":[{"href":"https:\/\/noticel.com\/en\/wp-json\/wp\/v2\/media?parent=46083"}],"wp:term":[{"taxonomy":"category","embeddable":true,"href":"https:\/\/noticel.com\/en\/wp-json\/wp\/v2\/categories?post=46083"},{"taxonomy":"post_tag","embeddable":true,"href":"https:\/\/noticel.com\/en\/wp-json\/wp\/v2\/tags?post=46083"}],"curies":[{"name":"wp","href":"https:\/\/api.w.org\/{rel}","templated":true}]}}