{"id":46032,"date":"2015-12-09T00:00:00","date_gmt":"2015-12-09T04:00:00","guid":{"rendered":"http:\/\/www.noticel.com\/ahora\/20151209\/osfl-testificaran-ante-tribunal-supremo-de-ee-uu\/"},"modified":"2025-07-25T09:11:22","modified_gmt":"2025-07-25T09:11:22","slug":"osfl-testificaran-ante-tribunal-supremo-de-ee-uu","status":"publish","type":"post","link":"https:\/\/noticel.com\/en\/ultima-hora\/20151209\/osfl-testificaran-ante-tribunal-supremo-de-ee-uu\/","title":{"rendered":"OSFL testificar\u00e1n ante Tribunal Supremo de EE.UU."},"content":{"rendered":"<p>La Escuela de Derecho de la Universidad de Puerto Rico recibi\u00f3 la notificaci\u00f3n del Tribunal Supremo de Estados Unidos de acoger la solicitud de Amicus Curiae en el caso de la Ley de Quiebra criolla, recurso legal que fue elaborado por el profesor Jose Nieto y un grupo de estudiantes que aceptaron el reto a petici\u00f3n de varias fundaciones y organizaciones sin fines de lucro.<\/p>\n<p>El profesor Nieto indic\u00f3 que el grupo de fundaciones y organizaciones sin fines de lucro de Puerto Rico solicit\u00f3 intervenir en el pleito para destacar el impacto negativo que tendr\u00eda sobre este sector, los individuos y las comunidades a las que sirven. A eso se le suma el deterioro econ\u00f3mico que se agudizar\u00eda a\u00fan m\u00e1s ante la ausencia de un estatuto local que permitiera la quiebra de las corporaciones identificadas en la Ley, a\u00f1adi\u00f3.<\/p>\n<p>Luego de reunirse con los directivos de las fundaciones y organizaciones, se acord\u00f3 convocar a los estudiantes interesados en colaborar en la investigaci\u00f3n de manera voluntaria y la respuesta fue extraordinaria, logrando que m\u00e1s de cuarenta estudiantes respondieran a la convocatoria. &#8216;El trabajo intenso y de excelencia encabezado por el profesor Nieto y sus estudiantes fue clave para que se tomara en cuenta la solicitud de las fundaciones y organizaciones sin fines de lucro de Puerto Rico&#8217;, expres\u00f3 la Decana Vivian Neptune.<\/p><div class=\"notic-content-middle\" id=\"notic-3963171320\"><div class=\"notic-adlabel\">Advertisements<\/div><a data-no-instant=\"1\" href=\"https:\/\/www.asegurate-bien.com\/\" rel=\"noopener\" class=\"a2t-link\" target=\"_blank\" aria-label=\"Acodese-Adaptaciones-Noticel-300&#215;250\"><img loading=\"lazy\" decoding=\"async\" src=\"https:\/\/cdn.noticel.com\/2026\/05\/30094423\/Acodese-Adaptaciones-Noticel-300x250-1.jpg\" alt=\"\"  srcset=\"https:\/\/cdn.noticel.com\/2026\/05\/30094423\/Acodese-Adaptaciones-Noticel-300x250-1.jpg 300w, https:\/\/cdn.noticel.com\/2026\/05\/30094423\/Acodese-Adaptaciones-Noticel-300x250-1-14x12.jpg 14w\" sizes=\"(max-width: 300px) 100vw, 300px\" width=\"300\" height=\"250\"   \/><\/a><\/div>\n<p>La Fundaciones y Organizaciones sin fines de lucro que ahora ser\u00e1n amigos de la corte son: Fundaci\u00f3n Angel Ramos, Fundaci\u00f3n Comunitaria de Puerto Rico, Miranda Foundation y Titin Foundation junto a las siguientes organizaciones: Iniciativa Comunitaria de Investigaci\u00f3n, Fundaci\u00f3n S\u00edndrome Down, Corporaci\u00f3n de la Fondita de Jes\u00fas, Asesores Financieros Comunitarios, Crearte Inc., Alianza Laura Aponte por la Paz Social (ALAPAS), Fundaci\u00f3n Chana Goldstein y Samuel Levis, Polit\u00e9cnico Amig\u00f3, Instituto Especial para el Desarrollo Integral del Individuo, la familia y la Comunidad Inc. y Proyecto Nacer Inc.<\/p>\n<p>La solicitud de Certiorari ante el Tribunal Supremo federal fue presentada inicialmente por la Procuradora General, Margarita Mercado para reclamar se revise la determinaci\u00f3n del Primer Circuito de Apelaciones en el caso Puerto Rico versus Franklin California. Esa decisi\u00f3n confirm\u00f3 al Tribunal de Distrito Federal de Puerto Rico que declar\u00f3 inconstitucional la Ley N\u00fam. 71 de 2014 para el Cumplimiento con las Deudas y para la Recuperaci\u00f3n de las Corporaciones P\u00fablicas de Puerto Rico.<\/p>\n<p>Las probabilidades de que el Supremo federal acoja una solicitud de este tipo, son muy bajas, aseguraron en comunicado de prensa. Los estudiantes Francisco Cabrera, Teichka Rodr\u00edguez, Edgar Villanueva y Benito Rodr\u00edguez colaboraron con la radicaci\u00f3n del recurso. Tambi\u00e9n se destaca la participaci\u00f3n de Manuel Carretero, Leticia Ruiz, Juan Avil\u00e9s, Philippe Beauchamp, Manuel Martin, M\u00f3nica Rivera, Iv\u00e1n Lolou, Viviana Juarbe, Juan Alvarez, Amarys Bolorin, Eduardo Torres, Carlos Carri\u00f3n, Javier Sevillano, Alvaro Morales, Aurora Hern\u00e1ndez, Natalia Vila , Iv\u00e1n S\u00e1nchez, Christian Torres, Stephen Romero, Manuel Figueroa, Ricardo Raola, Alfredo Cintr\u00f3n, Javier Figueroa, Juliana Rivera, Katerina Huertas, Christian L\u00f3pez, Jennymar Ca\u00f1\u00f3n, Orlando Vel\u00e1zquez, Effie Acevedo y Omar Andino, siendo todos estudiantes de la Escuela de Derecho de la UPR.<\/p>","protected":false},"excerpt":{"rendered":"<p>La Escuela de Derecho de la Universidad de Puerto Rico recibi\u00f3 la notificaci\u00f3n del Tribunal Supremo de Estados Unidos de acoger la solicitud de Amicus Curiae en el caso de la Ley de Quiebra criolla, recurso legal que fue elaborado por el profesor Jose Nieto y un grupo de estudiantes que aceptaron el reto a [&hellip;]<\/p>","protected":false},"author":0,"featured_media":572469,"comment_status":"closed","ping_status":"closed","sticky":false,"template":"","format":"standard","meta":{"_acf_changed":false,"_monsterinsights_skip_tracking":false,"ep_exclude_from_search":false,"footnotes":""},"categories":[2],"tags":[],"class_list":["post-46032","post","type-post","status-publish","format-standard","has-post-thumbnail","hentry","category-ultima-hora"],"acf":[],"aioseo_notices":[],"_links":{"self":[{"href":"https:\/\/noticel.com\/en\/wp-json\/wp\/v2\/posts\/46032","targetHints":{"allow":["GET"]}}],"collection":[{"href":"https:\/\/noticel.com\/en\/wp-json\/wp\/v2\/posts"}],"about":[{"href":"https:\/\/noticel.com\/en\/wp-json\/wp\/v2\/types\/post"}],"replies":[{"embeddable":true,"href":"https:\/\/noticel.com\/en\/wp-json\/wp\/v2\/comments?post=46032"}],"version-history":[{"count":1,"href":"https:\/\/noticel.com\/en\/wp-json\/wp\/v2\/posts\/46032\/revisions"}],"predecessor-version":[{"id":572496,"href":"https:\/\/noticel.com\/en\/wp-json\/wp\/v2\/posts\/46032\/revisions\/572496"}],"wp:featuredmedia":[{"embeddable":true,"href":"https:\/\/noticel.com\/en\/wp-json\/wp\/v2\/media\/572469"}],"wp:attachment":[{"href":"https:\/\/noticel.com\/en\/wp-json\/wp\/v2\/media?parent=46032"}],"wp:term":[{"taxonomy":"category","embeddable":true,"href":"https:\/\/noticel.com\/en\/wp-json\/wp\/v2\/categories?post=46032"},{"taxonomy":"post_tag","embeddable":true,"href":"https:\/\/noticel.com\/en\/wp-json\/wp\/v2\/tags?post=46032"}],"curies":[{"name":"wp","href":"https:\/\/api.w.org\/{rel}","templated":true}]}}