{"id":45443,"date":"2012-07-26T00:00:00","date_gmt":"2012-07-26T04:00:00","guid":{"rendered":"http:\/\/www.noticel.com\/deportes\/20120726\/regresan-subcampeones-en-holanda\/"},"modified":"2025-08-26T08:16:08","modified_gmt":"2025-08-26T08:16:08","slug":"regresan-subcampeones-en-holanda","status":"publish","type":"post","link":"https:\/\/noticel.com\/en\/deportes\/20120726\/regresan-subcampeones-en-holanda\/","title":{"rendered":"Regresan subcampeones en Holanda"},"content":{"rendered":"<p>El Equipo Nacional lleg\u00f3 a Puerto Rico la noche del mi\u00e9rcoles con aires de triunfo desde Holanda, donde brillaron con luz propia al obtener el subcampeonato del torneo invitacional con r\u00e9cord de 6-1.<\/p>\n<p>&#8216;La meta desde el primer d\u00eda fue entrenar arduamente por un periodo de dos a tres meses para ver qu\u00e9 movimiento positivo pod\u00edamos tener a beneficio de nuestra Federaci\u00f3n y nuestro Equipo Nacional, gracias a Dios logramos el objetivo&#8217;, dijo un complacido Jos\u00e9 David Flores, dirigente de la representaci\u00f3n nacional.<\/p>\n<p>Flores asegur\u00f3 que el plan de entrenamiento realizado por el Equipo Nacional durante los pasados meses debe ser el plan a seguir en futuros eventos internacionales.<\/p><div class=\"notic-content-middle\" id=\"notic-995212332\"><div class=\"notic-adlabel\">Advertisements<\/div><a data-no-instant=\"1\" href=\"https:\/\/qrco.de\/bgxd5v\" rel=\"noopener\" class=\"a2t-link\" target=\"_blank\" aria-label=\"DisplayAd-728&#215;903\"><img loading=\"lazy\" decoding=\"async\" src=\"https:\/\/cdn.noticel.com\/2026\/08\/11174955\/DisplayAd-728x903-1.jpg\" alt=\"\"  srcset=\"https:\/\/cdn.noticel.com\/2026\/08\/11174955\/DisplayAd-728x903-1.jpg 728w, https:\/\/cdn.noticel.com\/2026\/08\/11174955\/DisplayAd-728x903-1-300x37.jpg 300w, https:\/\/cdn.noticel.com\/2026\/08\/11174955\/DisplayAd-728x903-1-18x2.jpg 18w\" sizes=\"(max-width: 728px) 100vw, 728px\" width=\"728\" height=\"90\"   \/><\/a><\/div>\n<p>&#8216;El entrenamiento tiene mucha base para el \u00e9xito y si logramos hacer lo que hemos estado haciendo durante los pasados tres a cuatro meses vamos a continuar teniendo \u00e9xito&#8217;, explic\u00f3 el tambi\u00e9n mentor de los Artesanos de Las Piedras.<\/p>\n<p>El dirigente boricua resalt\u00f3 el nivel de competencia del evento y le sali\u00f3 al paso a las cr\u00edticas en contra del torneo.<\/p>\n<p>&#8216;Yo estoy sumamente consciente del tipo de competencia. El equipo de Holanda es uno bien competitivo, el equipo de Cuba es b\u00e1sicamente el mismo equipo que van a presentar en el Cl\u00e1sico Mundial, el equipo de Holanda tuvo de 13 a 14 integrantes de la Copa Mundial, los lanzadores a los que nos enfrentamos contra Holanda fueron los que derrotaron a los equipos en la pasada Copa Mundial, as\u00ed que la competencia estuvo ah\u00ed, pero tambi\u00e9n hay que darle cr\u00e9dito a los muchachos porque jugaron un buen b\u00e9isbol, aceptaron el reto y ah\u00ed est\u00e1n los resultados&#8217;, a\u00f1adi\u00f3.<\/p>","protected":false},"excerpt":{"rendered":"<p>El Equipo Nacional lleg\u00f3 a Puerto Rico la noche del mi\u00e9rcoles con aires de triunfo desde Holanda, donde brillaron con luz propia al obtener el subcampeonato del torneo invitacional con r\u00e9cord de 6-1. &#8216;La meta desde el primer d\u00eda fue entrenar arduamente por un periodo de dos a tres meses para ver qu\u00e9 movimiento positivo [&hellip;]<\/p>","protected":false},"author":0,"featured_media":915128,"comment_status":"closed","ping_status":"closed","sticky":false,"template":"","format":"standard","meta":{"_acf_changed":false,"_monsterinsights_skip_tracking":false,"ep_exclude_from_search":false,"footnotes":""},"categories":[31],"tags":[],"class_list":["post-45443","post","type-post","status-publish","format-standard","has-post-thumbnail","hentry","category-deportes"],"acf":[],"aioseo_notices":[],"_links":{"self":[{"href":"https:\/\/noticel.com\/en\/wp-json\/wp\/v2\/posts\/45443","targetHints":{"allow":["GET"]}}],"collection":[{"href":"https:\/\/noticel.com\/en\/wp-json\/wp\/v2\/posts"}],"about":[{"href":"https:\/\/noticel.com\/en\/wp-json\/wp\/v2\/types\/post"}],"replies":[{"embeddable":true,"href":"https:\/\/noticel.com\/en\/wp-json\/wp\/v2\/comments?post=45443"}],"version-history":[{"count":1,"href":"https:\/\/noticel.com\/en\/wp-json\/wp\/v2\/posts\/45443\/revisions"}],"predecessor-version":[{"id":915158,"href":"https:\/\/noticel.com\/en\/wp-json\/wp\/v2\/posts\/45443\/revisions\/915158"}],"wp:featuredmedia":[{"embeddable":true,"href":"https:\/\/noticel.com\/en\/wp-json\/wp\/v2\/media\/915128"}],"wp:attachment":[{"href":"https:\/\/noticel.com\/en\/wp-json\/wp\/v2\/media?parent=45443"}],"wp:term":[{"taxonomy":"category","embeddable":true,"href":"https:\/\/noticel.com\/en\/wp-json\/wp\/v2\/categories?post=45443"},{"taxonomy":"post_tag","embeddable":true,"href":"https:\/\/noticel.com\/en\/wp-json\/wp\/v2\/tags?post=45443"}],"curies":[{"name":"wp","href":"https:\/\/api.w.org\/{rel}","templated":true}]}}