{"id":45297,"date":"2014-05-26T00:00:00","date_gmt":"2014-05-26T04:00:00","guid":{"rendered":"http:\/\/www.noticel.com\/economia\/20140526\/hewlett-packard-recorta-puestos-de-trabajo-se-desconocen-efectos-en-puerto\/"},"modified":"2025-08-19T10:38:39","modified_gmt":"2025-08-19T10:38:39","slug":"hewlett-packard-recorta-puestos-de-trabajo-se-desconocen-efectos-en-puerto","status":"publish","type":"post","link":"https:\/\/noticel.com\/en\/economia\/20140526\/hewlett-packard-recorta-puestos-de-trabajo-se-desconocen-efectos-en-puerto\/","title":{"rendered":"Hewlett Packard recorta puestos de trabajo, se desconocen efectos en Puerto"},"content":{"rendered":"<p>Hewlett Packard Co. recortar\u00e1 entre 11,000 y 16,000 puestos de trabajo adicionales a los 34,000 que ya hab\u00eda anunciado como parte de su plan de reestructuraci\u00f3n. La empresa tiene unos 317,000 empleados alrededor del mundo. De esos, unos 1,500 est\u00e1n en Puerto Rico.<\/p>\n<p>Meg Whitman, principal oficial ejecutivo de la compa\u00f1\u00eda, dijo el jueves que los nuevos despidos afectar\u00e1n a todas las unidades de negocio y geograf\u00edas. Se desconoce su efecto en las operaciones de Puerto Rico, donde opera desde hace 39 a\u00f1os y fabrica m\u00e1s de 500 productos.<\/p>\n<p>El Gobierno de Puerto Rico y Hewlett Packard anunciaron en marzo la firma de un acuerdo de entendimiento que establece el marco de cooperaci\u00f3n entre ambas partes para promover el crecimiento de la industria inform\u00e1tica en Puerto Rico. Gobierno y empresas se\u00f1alaron que el acuerdo fortalecer\u00e1 la posici\u00f3n de Puerto Rico en \u00e1reas como tecnolog\u00edas de computaci\u00f3n en la nube, software de servicio y seguridad cibern\u00e9tica empresarial.<\/p><div class=\"notic-content-middle\" id=\"notic-3092670371\"><div class=\"notic-adlabel\">Advertisements<\/div><a data-no-instant=\"1\" href=\"https:\/\/qrco.de\/bgxd5v\" rel=\"noopener\" class=\"a2t-link\" target=\"_blank\" aria-label=\"DisplayAds-300&#215;2502\"><img loading=\"lazy\" decoding=\"async\" src=\"https:\/\/cdn.noticel.com\/2026\/09\/02200544\/DisplayAds-300x2502-1.jpg\" alt=\"\"  srcset=\"https:\/\/cdn.noticel.com\/2026\/09\/02200544\/DisplayAds-300x2502-1.jpg 300w, https:\/\/cdn.noticel.com\/2026\/09\/02200544\/DisplayAds-300x2502-1-14x12.jpg 14w\" sizes=\"(max-width: 300px) 100vw, 300px\" width=\"300\" height=\"250\"   \/><\/a><\/div>\n<p>Hewlett Packard, conocido principalmente para las computadoras personales, sistemas de servidores e impresoras, ha estado lidiando con una dura competencia y grandes cambios en la industria de la tecnolog\u00eda.<\/p>\n<p>Para leer m\u00e1s sobre esta noticia visite <a href=\"http:\/\/sincomillas.com\/hewlett-packard-recorta-16000-puestos-de-trabajo\/\" target=\"_blank\">Sincomillas.com<\/a>.<\/p>","protected":false},"excerpt":{"rendered":"<p>Hewlett Packard Co. recortar\u00e1 entre 11,000 y 16,000 puestos de trabajo adicionales a los 34,000 que ya hab\u00eda anunciado como parte de su plan de reestructuraci\u00f3n. La empresa tiene unos 317,000 empleados alrededor del mundo. De esos, unos 1,500 est\u00e1n en Puerto Rico. Meg Whitman, principal oficial ejecutivo de la compa\u00f1\u00eda, dijo el jueves que [&hellip;]<\/p>","protected":false},"author":0,"featured_media":872360,"comment_status":"closed","ping_status":"closed","sticky":false,"template":"","format":"standard","meta":{"_acf_changed":false,"_monsterinsights_skip_tracking":false,"ep_exclude_from_search":false,"footnotes":""},"categories":[22],"tags":[],"class_list":["post-45297","post","type-post","status-publish","format-standard","has-post-thumbnail","hentry","category-economia"],"acf":[],"aioseo_notices":[],"_links":{"self":[{"href":"https:\/\/noticel.com\/en\/wp-json\/wp\/v2\/posts\/45297","targetHints":{"allow":["GET"]}}],"collection":[{"href":"https:\/\/noticel.com\/en\/wp-json\/wp\/v2\/posts"}],"about":[{"href":"https:\/\/noticel.com\/en\/wp-json\/wp\/v2\/types\/post"}],"replies":[{"embeddable":true,"href":"https:\/\/noticel.com\/en\/wp-json\/wp\/v2\/comments?post=45297"}],"version-history":[{"count":1,"href":"https:\/\/noticel.com\/en\/wp-json\/wp\/v2\/posts\/45297\/revisions"}],"predecessor-version":[{"id":872377,"href":"https:\/\/noticel.com\/en\/wp-json\/wp\/v2\/posts\/45297\/revisions\/872377"}],"wp:featuredmedia":[{"embeddable":true,"href":"https:\/\/noticel.com\/en\/wp-json\/wp\/v2\/media\/872360"}],"wp:attachment":[{"href":"https:\/\/noticel.com\/en\/wp-json\/wp\/v2\/media?parent=45297"}],"wp:term":[{"taxonomy":"category","embeddable":true,"href":"https:\/\/noticel.com\/en\/wp-json\/wp\/v2\/categories?post=45297"},{"taxonomy":"post_tag","embeddable":true,"href":"https:\/\/noticel.com\/en\/wp-json\/wp\/v2\/tags?post=45297"}],"curies":[{"name":"wp","href":"https:\/\/api.w.org\/{rel}","templated":true}]}}