{"id":45181,"date":"2014-04-02T00:00:00","date_gmt":"2014-04-02T04:00:00","guid":{"rendered":"http:\/\/www.noticel.com\/mundo\/20140402\/the-guardian-mejor-periodico-por-revelaciones-sobre-espionaje\/"},"modified":"2025-08-19T09:52:15","modified_gmt":"2025-08-19T09:52:15","slug":"the-guardian-mejor-periodico-por-revelaciones-sobre-espionaje","status":"publish","type":"post","link":"https:\/\/noticel.com\/en\/noticias\/mundo\/20140402\/the-guardian-mejor-periodico-por-revelaciones-sobre-espionaje\/","title":{"rendered":"&#8216;The Guardian&#8217;, mejor peri\u00f3dico por revelaciones sobre espionaje"},"content":{"rendered":"<p>El peri\u00f3dico &#8216;The Guardian&#8217; ha sido galardonado con el premio brit\u00e1nico &#8216;Press Awards&#8217; como el mejor diario del a\u00f1o por sus revelaciones sobre el alcance del espionaje masivo de Estados Unidos a partir de las filtraciones de Edward Snowden.<\/p>\n<p>El jurado del &#8216;Press Awards&#8217; destac\u00f3 anoche que el rotativo public\u00f3 una &#8216;historia de importancia mundial&#8217;, que ha estado &#8216;en el coraz\u00f3n del debate sobre la libertad de la prensa&#8217;.<\/p>\n<p>&#8216;El hecho de que la cobertura polarizase la opini\u00f3n, incluso dentro de la misma prensa, muestra cu\u00e1n importante fue&#8217;, resalt\u00f3 el jurado de este prestigioso galard\u00f3n, que se entrega cada a\u00f1o a los peri\u00f3dicos que se han destacado por su trabajo.<\/p>\n<p>&#8216;El trabajo de un diario es decirle la verdad al poder y el a\u00f1o pasado se ha visto a &#8216;The Guardian&#8217; hacer esto con voluntad y entusiasmo&#8217;, a\u00f1adi\u00f3 el jurado, formado por destacados periodistas y directores de rotativos del Reino Unido.<\/p><div class=\"notic-content-middle\" id=\"notic-146561166\"><div class=\"notic-adlabel\">Advertisements<\/div><a data-no-instant=\"1\" href=\"https:\/\/www.asegurate-bien.com\/\" rel=\"noopener\" class=\"a2t-link\" target=\"_blank\" aria-label=\"Acodese-Adaptaciones-Noticel-970&#215;250\"><img loading=\"lazy\" decoding=\"async\" src=\"https:\/\/cdn.noticel.com\/2026\/05\/30100504\/Acodese-Adaptaciones-Noticel-970x250-1.jpg\" alt=\"\"  srcset=\"https:\/\/cdn.noticel.com\/2026\/05\/30100504\/Acodese-Adaptaciones-Noticel-970x250-1.jpg 970w, https:\/\/cdn.noticel.com\/2026\/05\/30100504\/Acodese-Adaptaciones-Noticel-970x250-1-300x77.jpg 300w, https:\/\/cdn.noticel.com\/2026\/05\/30100504\/Acodese-Adaptaciones-Noticel-970x250-1-768x198.jpg 768w, https:\/\/cdn.noticel.com\/2026\/05\/30100504\/Acodese-Adaptaciones-Noticel-970x250-1-18x5.jpg 18w\" sizes=\"(max-width: 970px) 100vw, 970px\" width=\"970\" height=\"250\"   \/><\/a><\/div>\n<p>El premio fue entregado anoche en una ceremonia celebrada un hotel de la capital brit\u00e1nica.<\/p>\n<p>El a\u00f1o pasado, &#8216;The Guardian&#8217; public\u00f3 numerosos art\u00edculos sobre las filtraciones de Snowden, que revel\u00f3 las tareas de espionaje de la Agencia Nacional de Seguridad de Estados Unidos y del Reino Unido a millones de ciudadanos.<\/p>\n<p>Las revelaciones provocaron un gran esc\u00e1ndalo en todo el mundo y oblig\u00f3 a Snowden a buscar refugio en Rusia.<\/p>","protected":false},"excerpt":{"rendered":"<p>El peri\u00f3dico &#8216;The Guardian&#8217; ha sido galardonado con el premio brit\u00e1nico &#8216;Press Awards&#8217; como el mejor diario del a\u00f1o por sus revelaciones sobre el alcance del espionaje masivo de Estados Unidos a partir de las filtraciones de Edward Snowden. El jurado del &#8216;Press Awards&#8217; destac\u00f3 anoche que el rotativo public\u00f3 una &#8216;historia de importancia mundial&#8217;, [&hellip;]<\/p>","protected":false},"author":0,"featured_media":0,"comment_status":"closed","ping_status":"closed","sticky":false,"template":"","format":"standard","meta":{"_acf_changed":false,"_monsterinsights_skip_tracking":false,"ep_exclude_from_search":false,"footnotes":""},"categories":[17],"tags":[],"class_list":["post-45181","post","type-post","status-publish","format-standard","hentry","category-mundo"],"acf":[],"aioseo_notices":[],"_links":{"self":[{"href":"https:\/\/noticel.com\/en\/wp-json\/wp\/v2\/posts\/45181","targetHints":{"allow":["GET"]}}],"collection":[{"href":"https:\/\/noticel.com\/en\/wp-json\/wp\/v2\/posts"}],"about":[{"href":"https:\/\/noticel.com\/en\/wp-json\/wp\/v2\/types\/post"}],"replies":[{"embeddable":true,"href":"https:\/\/noticel.com\/en\/wp-json\/wp\/v2\/comments?post=45181"}],"version-history":[{"count":1,"href":"https:\/\/noticel.com\/en\/wp-json\/wp\/v2\/posts\/45181\/revisions"}],"predecessor-version":[{"id":872036,"href":"https:\/\/noticel.com\/en\/wp-json\/wp\/v2\/posts\/45181\/revisions\/872036"}],"wp:attachment":[{"href":"https:\/\/noticel.com\/en\/wp-json\/wp\/v2\/media?parent=45181"}],"wp:term":[{"taxonomy":"category","embeddable":true,"href":"https:\/\/noticel.com\/en\/wp-json\/wp\/v2\/categories?post=45181"},{"taxonomy":"post_tag","embeddable":true,"href":"https:\/\/noticel.com\/en\/wp-json\/wp\/v2\/tags?post=45181"}],"curies":[{"name":"wp","href":"https:\/\/api.w.org\/{rel}","templated":true}]}}