{"id":44916,"date":"2014-12-10T00:00:00","date_gmt":"2014-12-10T04:00:00","guid":{"rendered":"http:\/\/www.noticel.com\/la-calle\/20141210\/cerrado-tramo-en-la-fernandez-juncos-por-derrame-de-aceite\/"},"modified":"2025-08-17T22:08:59","modified_gmt":"2025-08-17T22:08:59","slug":"cerrado-tramo-en-la-fernandez-juncos-por-derrame-de-aceite","status":"publish","type":"post","link":"https:\/\/noticel.com\/en\/noticias\/la-calle\/20141210\/cerrado-tramo-en-la-fernandez-juncos-por-derrame-de-aceite\/","title":{"rendered":"Cerrado tramo en la Fern\u00e1ndez Juncos por derrame de aceite"},"content":{"rendered":"<p>A eso de las 5:45 a.m. parte de la avenida Fern\u00e1ndez Juncos, intersecci\u00f3n con la calle S\u00e1nchez, en Santurce se encuentra cerrada por derrame de aceite.<\/p>\n<p>Al momento, en el lugar se encuentra la agencia estatal de Manejo de Emergencia y Bomberos.<\/p><div class=\"notic-content-middle\" id=\"notic-717106557\"><div class=\"notic-adlabel\">Advertisements<\/div><a data-no-instant=\"1\" href=\"https:\/\/www.asegurate-bien.com\/\" rel=\"noopener\" class=\"a2t-link\" target=\"_blank\" aria-label=\"Acodese-Adaptaciones-Noticel-728&#215;90\"><img loading=\"lazy\" decoding=\"async\" src=\"https:\/\/cdn.noticel.com\/2026\/07\/30095222\/Acodese-Adaptaciones-Noticel-728x90-1.jpg\" alt=\"\"  srcset=\"https:\/\/cdn.noticel.com\/2026\/07\/30095222\/Acodese-Adaptaciones-Noticel-728x90-1.jpg 728w, https:\/\/cdn.noticel.com\/2026\/07\/30095222\/Acodese-Adaptaciones-Noticel-728x90-1-300x37.jpg 300w, https:\/\/cdn.noticel.com\/2026\/07\/30095222\/Acodese-Adaptaciones-Noticel-728x90-1-18x2.jpg 18w\" sizes=\"(max-width: 728px) 100vw, 728px\" width=\"728\" height=\"90\"   \/><\/a><\/div>\n<p>V\u00edas alternas ser\u00eda la avenida Luis Mu\u00f1oz Rivera<\/p>\n<p>M\u00e1s adelante se ampliar\u00e1 la informaci\u00f3n.<\/p>","protected":false},"excerpt":{"rendered":"<p>A eso de las 5:45 a.m. parte de la avenida Fern\u00e1ndez Juncos, intersecci\u00f3n con la calle S\u00e1nchez, en Santurce se encuentra cerrada por derrame de aceite. Al momento, en el lugar se encuentra la agencia estatal de Manejo de Emergencia y Bomberos. V\u00edas alternas ser\u00eda la avenida Luis Mu\u00f1oz Rivera M\u00e1s adelante se ampliar\u00e1 la [&hellip;]<\/p>","protected":false},"author":0,"featured_media":862961,"comment_status":"closed","ping_status":"closed","sticky":false,"template":"","format":"standard","meta":{"_acf_changed":false,"_monsterinsights_skip_tracking":false,"ep_exclude_from_search":false,"footnotes":""},"categories":[12],"tags":[],"class_list":["post-44916","post","type-post","status-publish","format-standard","has-post-thumbnail","hentry","category-la-calle"],"acf":[],"aioseo_notices":[],"_links":{"self":[{"href":"https:\/\/noticel.com\/en\/wp-json\/wp\/v2\/posts\/44916","targetHints":{"allow":["GET"]}}],"collection":[{"href":"https:\/\/noticel.com\/en\/wp-json\/wp\/v2\/posts"}],"about":[{"href":"https:\/\/noticel.com\/en\/wp-json\/wp\/v2\/types\/post"}],"replies":[{"embeddable":true,"href":"https:\/\/noticel.com\/en\/wp-json\/wp\/v2\/comments?post=44916"}],"version-history":[{"count":1,"href":"https:\/\/noticel.com\/en\/wp-json\/wp\/v2\/posts\/44916\/revisions"}],"predecessor-version":[{"id":863007,"href":"https:\/\/noticel.com\/en\/wp-json\/wp\/v2\/posts\/44916\/revisions\/863007"}],"wp:featuredmedia":[{"embeddable":true,"href":"https:\/\/noticel.com\/en\/wp-json\/wp\/v2\/media\/862961"}],"wp:attachment":[{"href":"https:\/\/noticel.com\/en\/wp-json\/wp\/v2\/media?parent=44916"}],"wp:term":[{"taxonomy":"category","embeddable":true,"href":"https:\/\/noticel.com\/en\/wp-json\/wp\/v2\/categories?post=44916"},{"taxonomy":"post_tag","embeddable":true,"href":"https:\/\/noticel.com\/en\/wp-json\/wp\/v2\/tags?post=44916"}],"curies":[{"name":"wp","href":"https:\/\/api.w.org\/{rel}","templated":true}]}}