{"id":44609,"date":"2018-05-12T00:00:00","date_gmt":"2018-05-12T04:00:00","guid":{"rendered":"http:\/\/www.noticel.com\/la-calle\/policiacas\/20180512\/individuo-huye-de-la-policia-tras-ser-esposado\/"},"modified":"2025-07-26T22:21:17","modified_gmt":"2025-07-26T22:21:17","slug":"individuo-huye-de-la-policia-tras-ser-esposado","status":"publish","type":"post","link":"https:\/\/noticel.com\/en\/noticias\/la-calle\/20180512\/individuo-huye-de-la-policia-tras-ser-esposado\/","title":{"rendered":"Individuo huye de la Polic\u00eda tras ser esposado"},"content":{"rendered":"<p><i>En Vega Baja.<\/i><\/p>\n<p>Agentes de la Divisi\u00f3n de Arrestos Especiales, del Cuerpo de Investigaciones Criminales (CIC) de Vega Baja, est\u00e1n tras la pista de Alex Col\u00f3n Figueroa, de 34 a\u00f1os, quien se encuentra pr\u00f3fugo luego de huir esposado del Hospital Wilma V\u00e1zquez de Vega Baja.<\/p>\n<p>En la tarde del viernes, Col\u00f3n Figueroa, fue llevado por los agentes Awilda Santana y Jose Otero, adscritos a la Divisi\u00f3n de Robos, ya que el hombre aleg\u00f3 sentirse mal de salud.<\/p><div class=\"notic-content-middle\" id=\"notic-1140715386\"><div class=\"notic-adlabel\">Advertisements<\/div><a data-no-instant=\"1\" href=\"https:\/\/www.asegurate-bien.com\/\" rel=\"noopener\" class=\"a2t-link\" target=\"_blank\" aria-label=\"Acodese-Adaptaciones-Noticel-970&#215;250\"><img loading=\"lazy\" decoding=\"async\" src=\"https:\/\/cdn.noticel.com\/2026\/05\/30100504\/Acodese-Adaptaciones-Noticel-970x250-1.jpg\" alt=\"\"  srcset=\"https:\/\/cdn.noticel.com\/2026\/05\/30100504\/Acodese-Adaptaciones-Noticel-970x250-1.jpg 970w, https:\/\/cdn.noticel.com\/2026\/05\/30100504\/Acodese-Adaptaciones-Noticel-970x250-1-300x77.jpg 300w, https:\/\/cdn.noticel.com\/2026\/05\/30100504\/Acodese-Adaptaciones-Noticel-970x250-1-768x198.jpg 768w, https:\/\/cdn.noticel.com\/2026\/05\/30100504\/Acodese-Adaptaciones-Noticel-970x250-1-18x5.jpg 18w\" sizes=\"(max-width: 970px) 100vw, 970px\" width=\"970\" height=\"250\"   \/><\/a><\/div>\n<p>El arrestado, quien agredi\u00f3 a la agente Santana antes de huir, es imputado de cometer un robo el pasado 5 de mayo de 2018, en la farmacia CVS localizada en la PR-2 en Vega Baja, en el que se apropi\u00f3 de una mercanc\u00eda, y cuando descubierto por el gerente y empleados del local, los amenaz\u00f3 con una jeringuilla y huy\u00f3 con la propiedad robada.<\/p>\n<p>Col\u00f3n Figueroa, tiene domicilio en el residencial Enrique Catoni en Vega Baja y es sospechoso de varios robos en dicho municipio.<\/p>","protected":false},"excerpt":{"rendered":"<p>En Vega Baja. Agentes de la Divisi\u00f3n de Arrestos Especiales, del Cuerpo de Investigaciones Criminales (CIC) de Vega Baja, est\u00e1n tras la pista de Alex Col\u00f3n Figueroa, de 34 a\u00f1os, quien se encuentra pr\u00f3fugo luego de huir esposado del Hospital Wilma V\u00e1zquez de Vega Baja. En la tarde del viernes, Col\u00f3n Figueroa, fue llevado por [&hellip;]<\/p>","protected":false},"author":0,"featured_media":586095,"comment_status":"closed","ping_status":"closed","sticky":false,"template":"","format":"standard","meta":{"_acf_changed":false,"_monsterinsights_skip_tracking":false,"ep_exclude_from_search":false,"footnotes":""},"categories":[12,15],"tags":[],"class_list":["post-44609","post","type-post","status-publish","format-standard","has-post-thumbnail","hentry","category-la-calle","category-policiacas"],"acf":[],"aioseo_notices":[],"_links":{"self":[{"href":"https:\/\/noticel.com\/en\/wp-json\/wp\/v2\/posts\/44609","targetHints":{"allow":["GET"]}}],"collection":[{"href":"https:\/\/noticel.com\/en\/wp-json\/wp\/v2\/posts"}],"about":[{"href":"https:\/\/noticel.com\/en\/wp-json\/wp\/v2\/types\/post"}],"replies":[{"embeddable":true,"href":"https:\/\/noticel.com\/en\/wp-json\/wp\/v2\/comments?post=44609"}],"version-history":[{"count":1,"href":"https:\/\/noticel.com\/en\/wp-json\/wp\/v2\/posts\/44609\/revisions"}],"predecessor-version":[{"id":586120,"href":"https:\/\/noticel.com\/en\/wp-json\/wp\/v2\/posts\/44609\/revisions\/586120"}],"wp:featuredmedia":[{"embeddable":true,"href":"https:\/\/noticel.com\/en\/wp-json\/wp\/v2\/media\/586095"}],"wp:attachment":[{"href":"https:\/\/noticel.com\/en\/wp-json\/wp\/v2\/media?parent=44609"}],"wp:term":[{"taxonomy":"category","embeddable":true,"href":"https:\/\/noticel.com\/en\/wp-json\/wp\/v2\/categories?post=44609"},{"taxonomy":"post_tag","embeddable":true,"href":"https:\/\/noticel.com\/en\/wp-json\/wp\/v2\/tags?post=44609"}],"curies":[{"name":"wp","href":"https:\/\/api.w.org\/{rel}","templated":true}]}}