{"id":44454,"date":"2016-07-20T00:00:00","date_gmt":"2016-07-20T04:00:00","guid":{"rendered":"http:\/\/www.noticel.com\/mundo\/20160720\/turquia-declara-el-estado-de-emergencia-durante-tres-meses\/"},"modified":"2025-07-30T03:40:36","modified_gmt":"2025-07-30T03:40:36","slug":"turquia-declara-el-estado-de-emergencia-durante-tres-meses","status":"publish","type":"post","link":"https:\/\/noticel.com\/en\/noticias\/mundo\/20160720\/turquia-declara-el-estado-de-emergencia-durante-tres-meses\/","title":{"rendered":"Turqu\u00eda declara el estado de emergencia durante tres meses"},"content":{"rendered":"<p>El Gobierno de Turqu\u00eda ha decretado hoy, miercoles, el estado de emergencia durante tres meses para hacer frente a las corrientes golpistas en el pa\u00eds y combatir &#8216;la amenaza a la democracia&#8217;.<\/p><div class=\"notic-content-middle\" id=\"notic-3549787237\"><div class=\"notic-adlabel\">Advertisements<\/div><a data-no-instant=\"1\" href=\"https:\/\/qrco.de\/bgxd5v\" rel=\"noopener\" class=\"a2t-link\" target=\"_blank\" aria-label=\"300X600-SEBUSCA2\"><img loading=\"lazy\" decoding=\"async\" src=\"https:\/\/cdn.noticel.com\/2026\/09\/02194415\/300X600-SEBUSCA2.jpg\" alt=\"\"  srcset=\"https:\/\/cdn.noticel.com\/2026\/09\/02194415\/300X600-SEBUSCA2.jpg 300w, https:\/\/cdn.noticel.com\/2026\/09\/02194415\/300X600-SEBUSCA2-150x300.jpg 150w, https:\/\/cdn.noticel.com\/2026\/09\/02194415\/300X600-SEBUSCA2-6x12.jpg 6w\" sizes=\"(max-width: 300px) 100vw, 300px\" width=\"300\" height=\"600\"   \/><\/a><\/div>\n<p>La decisi\u00f3n fue anunciada por el presidente turco, Recep Tayyip Erdogan, quien afirm\u00f3 que esta medida busca proteger los valores democr\u00e1ticos.<\/p>","protected":false},"excerpt":{"rendered":"<p>El Gobierno de Turqu\u00eda ha decretado hoy, miercoles, el estado de emergencia durante tres meses para hacer frente a las corrientes golpistas en el pa\u00eds y combatir &#8216;la amenaza a la democracia&#8217;. La decisi\u00f3n fue anunciada por el presidente turco, Recep Tayyip Erdogan, quien afirm\u00f3 que esta medida busca proteger los valores democr\u00e1ticos.<\/p>","protected":false},"author":0,"featured_media":613860,"comment_status":"closed","ping_status":"closed","sticky":false,"template":"","format":"standard","meta":{"_acf_changed":false,"_monsterinsights_skip_tracking":false,"ep_exclude_from_search":false,"footnotes":""},"categories":[17],"tags":[],"class_list":["post-44454","post","type-post","status-publish","format-standard","has-post-thumbnail","hentry","category-mundo"],"acf":[],"aioseo_notices":[],"_links":{"self":[{"href":"https:\/\/noticel.com\/en\/wp-json\/wp\/v2\/posts\/44454","targetHints":{"allow":["GET"]}}],"collection":[{"href":"https:\/\/noticel.com\/en\/wp-json\/wp\/v2\/posts"}],"about":[{"href":"https:\/\/noticel.com\/en\/wp-json\/wp\/v2\/types\/post"}],"replies":[{"embeddable":true,"href":"https:\/\/noticel.com\/en\/wp-json\/wp\/v2\/comments?post=44454"}],"version-history":[{"count":1,"href":"https:\/\/noticel.com\/en\/wp-json\/wp\/v2\/posts\/44454\/revisions"}],"predecessor-version":[{"id":613880,"href":"https:\/\/noticel.com\/en\/wp-json\/wp\/v2\/posts\/44454\/revisions\/613880"}],"wp:featuredmedia":[{"embeddable":true,"href":"https:\/\/noticel.com\/en\/wp-json\/wp\/v2\/media\/613860"}],"wp:attachment":[{"href":"https:\/\/noticel.com\/en\/wp-json\/wp\/v2\/media?parent=44454"}],"wp:term":[{"taxonomy":"category","embeddable":true,"href":"https:\/\/noticel.com\/en\/wp-json\/wp\/v2\/categories?post=44454"},{"taxonomy":"post_tag","embeddable":true,"href":"https:\/\/noticel.com\/en\/wp-json\/wp\/v2\/tags?post=44454"}],"curies":[{"name":"wp","href":"https:\/\/api.w.org\/{rel}","templated":true}]}}