{"id":43898,"date":"2014-06-29T00:00:00","date_gmt":"2014-06-29T04:00:00","guid":{"rendered":"http:\/\/www.noticel.com\/mundo\/20140629\/nueve-heridos-de-bala-en-la-calle-bourbon-de-nueva-orleans\/"},"modified":"2025-08-18T08:58:12","modified_gmt":"2025-08-18T08:58:12","slug":"nueve-heridos-de-bala-en-la-calle-bourbon-de-nueva-orleans","status":"publish","type":"post","link":"https:\/\/noticel.com\/en\/noticias\/mundo\/20140629\/nueve-heridos-de-bala-en-la-calle-bourbon-de-nueva-orleans\/","title":{"rendered":"Nueve heridos de bala en la Calle Bourbon de Nueva Orleans"},"content":{"rendered":"<p>Washington &#8211; Nueve personas resultaron heridas el domingo en un tiroteo en la calle Bourbon de Nueva Orleans, la m\u00e1s tur\u00edstica de esa localidad de Luisiana, sin que las autoridades hayan identificado por ahora a ning\u00fan sospechoso.<\/p>\n<p>El tiroteo se produjo la madrugada del domingo en esa calle localizada en el c\u00e9ntrico barrio franc\u00e9s de la ciudad y conocida por sus hist\u00f3ricos locales de jazz, inform\u00f3 la polic\u00eda local.<\/p>\n<p>La v\u00edctima herida m\u00e1s grave es una mujer que se encuentra en estado cr\u00edtico en un hospital de la ciudad, seg\u00fan inform\u00f3 el diario local The Times-Picayune.<\/p>\n<p>&#8216;Los disparos nos despertaron&#8217;, dijo a ese rotativo Michael Tilbury, un hombre que vive a unos pocos bloques de distancia de donde se produjo el tiroteo.<\/p>\n<p>&#8216;Llevamos dos a\u00f1os viviendo aqu\u00ed y nunca hemos o\u00eddo o visto nada como esto&#8217;, agreg\u00f3 Tilbury, que confi\u00f3 en que el ayuntamiento aumente la seguridad en el barrio.<\/p>\n<p>La Polic\u00eda no ha identificado ni arrestado a ning\u00fan sospechoso en relaci\u00f3n con el incidente y sigue investigando el suceso.<\/p>","protected":false},"excerpt":{"rendered":"<p>Washington &#8211; Nueve personas resultaron heridas el domingo en un tiroteo en la calle Bourbon de Nueva Orleans, la m\u00e1s tur\u00edstica de esa localidad de Luisiana, sin que las autoridades hayan identificado por ahora a ning\u00fan sospechoso. El tiroteo se produjo la madrugada del domingo en esa calle localizada en el c\u00e9ntrico barrio franc\u00e9s de [&hellip;]<\/p>","protected":false},"author":0,"featured_media":867788,"comment_status":"closed","ping_status":"closed","sticky":false,"template":"","format":"standard","meta":{"_acf_changed":false,"_monsterinsights_skip_tracking":false,"ep_exclude_from_search":false,"footnotes":""},"categories":[17],"tags":[],"class_list":["post-43898","post","type-post","status-publish","format-standard","has-post-thumbnail","hentry","category-mundo"],"acf":[],"aioseo_notices":[],"_links":{"self":[{"href":"https:\/\/noticel.com\/en\/wp-json\/wp\/v2\/posts\/43898","targetHints":{"allow":["GET"]}}],"collection":[{"href":"https:\/\/noticel.com\/en\/wp-json\/wp\/v2\/posts"}],"about":[{"href":"https:\/\/noticel.com\/en\/wp-json\/wp\/v2\/types\/post"}],"replies":[{"embeddable":true,"href":"https:\/\/noticel.com\/en\/wp-json\/wp\/v2\/comments?post=43898"}],"version-history":[{"count":1,"href":"https:\/\/noticel.com\/en\/wp-json\/wp\/v2\/posts\/43898\/revisions"}],"predecessor-version":[{"id":867818,"href":"https:\/\/noticel.com\/en\/wp-json\/wp\/v2\/posts\/43898\/revisions\/867818"}],"wp:featuredmedia":[{"embeddable":true,"href":"https:\/\/noticel.com\/en\/wp-json\/wp\/v2\/media\/867788"}],"wp:attachment":[{"href":"https:\/\/noticel.com\/en\/wp-json\/wp\/v2\/media?parent=43898"}],"wp:term":[{"taxonomy":"category","embeddable":true,"href":"https:\/\/noticel.com\/en\/wp-json\/wp\/v2\/categories?post=43898"},{"taxonomy":"post_tag","embeddable":true,"href":"https:\/\/noticel.com\/en\/wp-json\/wp\/v2\/tags?post=43898"}],"curies":[{"name":"wp","href":"https:\/\/api.w.org\/{rel}","templated":true}]}}