{"id":43727,"date":"2011-02-17T00:00:00","date_gmt":"2011-02-17T04:00:00","guid":{"rendered":"http:\/\/www.noticel.com\/mundo\/20110217\/crimen-y-droga-arropan-a-rd\/"},"modified":"2025-08-29T13:13:57","modified_gmt":"2025-08-29T13:13:57","slug":"crimen-y-droga-arropan-a-rd","status":"publish","type":"post","link":"https:\/\/noticel.com\/en\/noticias\/mundo\/20110217\/crimen-y-droga-arropan-a-rd\/","title":{"rendered":"Crimen  y droga arropan a RD"},"content":{"rendered":"<p>La violencia extrema, acciones constantes de sicarios, cr\u00edmenes, delincuencia y tr\u00e1fico de drogas es el panorama que vive hoy la sociedad en la Rep\u00fablica Dominicana.<\/p>\n<p>En las \u00faltimas 48 horas en el pa\u00eds se han registrado por lo menos siete muertes violentas.<\/p>\n<p>Esa realidad, dicen observadores, permite que mucha gente se forme el criterio de que: &#8216;Rep\u00fablica Dominicana se est\u00e1 pareciendo a Colombia y M\u00e9xico, cuyos hechos de violencia, sicariato y cr\u00edmenes todos los d\u00edas producto del narcotr\u00e1fico constituyen el pan nuestro de cada d\u00eda&#8217;.<\/p>\n<p>Los m\u00e1s recientes cr\u00edmenes cometidos en territorio nacional, confirmados por las autoridades, involucran a dos abogados, tres j\u00f3venes y dos hermanos.<\/p>\n<p>Ayer se reportaron las muertes de los juristas Ren\u00e9 Antonio Vegazo, de 41 a\u00f1os, y Fausto Morel Matos, de 42, quienes eran miembros del bufete Matos y Asociados.<\/p>\n<p>Sus cad\u00e1veres fueron encontrados en el sector Los Peralejos en la autopista Duarte (norte).<\/p>\n<p>Los asesinatos de los letrados son atribuidos a &#8216;operativos de miembros del sicariato que no dan tregua a quienes realizan labores en su contra&#8217;.<\/p><div class=\"notic-content-middle\" id=\"notic-1238908850\"><div class=\"notic-adlabel\">Advertisements<\/div><a data-no-instant=\"1\" href=\"https:\/\/www.asegurate-bien.com\/\" rel=\"noopener\" class=\"a2t-link\" target=\"_blank\" aria-label=\"Acodese-Adaptaciones-Noticel-300&#215;250\"><img loading=\"lazy\" decoding=\"async\" src=\"https:\/\/cdn.noticel.com\/2026\/05\/30094423\/Acodese-Adaptaciones-Noticel-300x250-1.jpg\" alt=\"\"  srcset=\"https:\/\/cdn.noticel.com\/2026\/05\/30094423\/Acodese-Adaptaciones-Noticel-300x250-1.jpg 300w, https:\/\/cdn.noticel.com\/2026\/05\/30094423\/Acodese-Adaptaciones-Noticel-300x250-1-14x12.jpg 14w\" sizes=\"(max-width: 300px) 100vw, 300px\" width=\"300\" height=\"250\"   \/><\/a><\/div>\n<p>Mientras que en la ciudad de Santiago, 165 kil\u00f3metros al norte de Santo Domingo, fueron muertos a tiros por agentes de la Polic\u00eda Nacional Wilson Manuel D\u00edaz Rodr\u00edguez, Leovigildo B\u00e1ez Espinal y Wilson de Jes\u00fas Pe\u00f1a Rodr\u00edguez, quienes seg\u00fan las autoridades &#8216;formaban parte de una peligrosa banda de gatilleros y capos del microtr\u00e1fico, responsables de varios asesinatos en Santiago y otros pueblos del pa\u00eds&#8217;.<\/p>\n<p>Asimismo, otros dos cr\u00edmenes registrados en las \u00faltimas 48 horas afectaron a los hermanos Gabino Juli\u00e1n y Le\u00f3nidas Ure\u00f1a, de 60 y 51 a\u00f1os, quienes resid\u00edan en la ciudad de San Francisco de Macor\u00eds, nordeste del pa\u00eds, muertos a balazos por agentes policiales que dispararon contra personas que participaban en una huelga organizada por entidades comunitarias que reclaman mejores condiciones de vida y en contra del p\u00e9simo servicio de energ\u00eda el\u00e9ctrica.<\/p>\n<p>Ante tan peligroso panorama, diversas organizaciones de la sociedad civil llamaron al Gobierno a que ponga en pr\u00e1ctica medidas fuertes contra la violencia, la delincuencia y el crimen organizado.<\/p>\n<p>El pasado lunes fue tambi\u00e9n muerto de varios balazos en la cabeza el ciudadano venezolano Rafael Mauricio Berdeja Vargas, mientras cenaba en un restaurante de Santo Domingo, y el que seg\u00fan las versiones, es atribuido a sicarios y personas vinculadas al narcotr\u00e1fico internacional &#8216;refugiados&#8217; en Rep\u00fablica Dominicana.<\/p>\n<p>La Sociedad Dominicana de Psiquiatr\u00eda alert\u00f3 hoy al pa\u00eds en un comunicado sobre la situaci\u00f3n de violencia social que azota al pa\u00eds e hizo un llamamiento al gobierno del Presidente Leonel Fern\u00e1ndez, a la iglesia y a la sociedad civil, unirse en la b\u00fasqueda r\u00e1pida de soluciones.<\/p>\n<p>El presidente de la Sociedad, Jos\u00e9 Miguel Montero, dijo que la violencia social en el pa\u00eds se ha convertido &#8216;en tierra de nadie, donde a diario se registran asesinatos, feminicidios, sicariatos, homicidios&#8217;. INS<\/p>","protected":false},"excerpt":{"rendered":"<p>La violencia extrema, acciones constantes de sicarios, cr\u00edmenes, delincuencia y tr\u00e1fico de drogas es el panorama que vive hoy la sociedad en la Rep\u00fablica Dominicana. En las \u00faltimas 48 horas en el pa\u00eds se han registrado por lo menos siete muertes violentas. Esa realidad, dicen observadores, permite que mucha gente se forme el criterio de [&hellip;]<\/p>","protected":false},"author":0,"featured_media":936260,"comment_status":"closed","ping_status":"closed","sticky":false,"template":"","format":"standard","meta":{"_acf_changed":false,"_monsterinsights_skip_tracking":false,"ep_exclude_from_search":false,"footnotes":""},"categories":[17],"tags":[],"class_list":["post-43727","post","type-post","status-publish","format-standard","has-post-thumbnail","hentry","category-mundo"],"acf":[],"aioseo_notices":[],"_links":{"self":[{"href":"https:\/\/noticel.com\/en\/wp-json\/wp\/v2\/posts\/43727","targetHints":{"allow":["GET"]}}],"collection":[{"href":"https:\/\/noticel.com\/en\/wp-json\/wp\/v2\/posts"}],"about":[{"href":"https:\/\/noticel.com\/en\/wp-json\/wp\/v2\/types\/post"}],"replies":[{"embeddable":true,"href":"https:\/\/noticel.com\/en\/wp-json\/wp\/v2\/comments?post=43727"}],"version-history":[{"count":1,"href":"https:\/\/noticel.com\/en\/wp-json\/wp\/v2\/posts\/43727\/revisions"}],"predecessor-version":[{"id":936276,"href":"https:\/\/noticel.com\/en\/wp-json\/wp\/v2\/posts\/43727\/revisions\/936276"}],"wp:featuredmedia":[{"embeddable":true,"href":"https:\/\/noticel.com\/en\/wp-json\/wp\/v2\/media\/936260"}],"wp:attachment":[{"href":"https:\/\/noticel.com\/en\/wp-json\/wp\/v2\/media?parent=43727"}],"wp:term":[{"taxonomy":"category","embeddable":true,"href":"https:\/\/noticel.com\/en\/wp-json\/wp\/v2\/categories?post=43727"},{"taxonomy":"post_tag","embeddable":true,"href":"https:\/\/noticel.com\/en\/wp-json\/wp\/v2\/tags?post=43727"}],"curies":[{"name":"wp","href":"https:\/\/api.w.org\/{rel}","templated":true}]}}