{"id":43155,"date":"2017-01-06T00:00:00","date_gmt":"2017-01-06T04:00:00","guid":{"rendered":"http:\/\/www.noticel.com\/la-calle\/20170106\/bebe-muere-arrollado-en-humacao\/"},"modified":"2025-07-21T17:34:25","modified_gmt":"2025-07-21T17:34:25","slug":"bebe-muere-arrollado-en-humacao","status":"publish","type":"post","link":"https:\/\/noticel.com\/en\/noticias\/la-calle\/20170106\/bebe-muere-arrollado-en-humacao\/","title":{"rendered":"Beb\u00e9 muere arrollado en Humacao"},"content":{"rendered":"<p>Un bebe muri\u00f3 arrollado en su residencia a eso de las 8:23 de la noche del jueves, en el sector Los Serrano del barrio Candelero Arriba en Humacao, inform\u00f3 la Polic\u00eda.<\/p>\n<p>De acuerdo con el reporte, la madre del infante, Omaira Medina Pe\u00f1a, de 29 a\u00f1os de edad, aleg\u00f3 que en el momento en que estaba colocando a sus dos hijos en el veh\u00edculo Toyota Tercel del a\u00f1o 1989, uno de los menores golpe\u00f3 el cambio del auto que comenz\u00f3 la marcha en retroceso.<\/p>\n<p>No se desprende del informe si el veh\u00edculo estaba encendido.<\/p><div class=\"notic-content-middle\" id=\"notic-161425539\"><div class=\"notic-adlabel\">Advertisements<\/div><a data-no-instant=\"1\" href=\"https:\/\/www.asegurate-bien.com\/\" rel=\"noopener\" class=\"a2t-link\" target=\"_blank\" aria-label=\"Acodese-Adaptaciones-Noticel-970&#215;90\"><img loading=\"lazy\" decoding=\"async\" src=\"https:\/\/cdn.noticel.com\/2026\/07\/30100146\/Acodese-Adaptaciones-Noticel-970x90-1.jpg\" alt=\"\"  srcset=\"https:\/\/cdn.noticel.com\/2026\/07\/30100146\/Acodese-Adaptaciones-Noticel-970x90-1.jpg 970w, https:\/\/cdn.noticel.com\/2026\/07\/30100146\/Acodese-Adaptaciones-Noticel-970x90-1-300x28.jpg 300w, https:\/\/cdn.noticel.com\/2026\/07\/30100146\/Acodese-Adaptaciones-Noticel-970x90-1-768x71.jpg 768w, https:\/\/cdn.noticel.com\/2026\/07\/30100146\/Acodese-Adaptaciones-Noticel-970x90-1-18x2.jpg 18w\" sizes=\"(max-width: 970px) 100vw, 970px\" width=\"970\" height=\"90\"   \/><\/a><\/div>\n<p>La mujer ten\u00eda en sus brazos al infante de a\u00f1o y nueve meses cuando recibi\u00f3 el impacto del veh\u00edculo el cual posteriormente arroll\u00f3 al beb\u00e9.<\/p>\n<p>Muri\u00f3 en el Hospital Ryder de Humacao mientras recib\u00eda atenci\u00f3n m\u00e9dica.<\/p>","protected":false},"excerpt":{"rendered":"<p>Un bebe muri\u00f3 arrollado en su residencia a eso de las 8:23 de la noche del jueves, en el sector Los Serrano del barrio Candelero Arriba en Humacao, inform\u00f3 la Polic\u00eda. De acuerdo con el reporte, la madre del infante, Omaira Medina Pe\u00f1a, de 29 a\u00f1os de edad, aleg\u00f3 que en el momento en que [&hellip;]<\/p>","protected":false},"author":0,"featured_media":0,"comment_status":"closed","ping_status":"closed","sticky":false,"template":"","format":"standard","meta":{"_acf_changed":false,"_monsterinsights_skip_tracking":false,"ep_exclude_from_search":false,"footnotes":""},"categories":[12],"tags":[],"class_list":["post-43155","post","type-post","status-publish","format-standard","hentry","category-la-calle"],"acf":[],"aioseo_notices":[],"_links":{"self":[{"href":"https:\/\/noticel.com\/en\/wp-json\/wp\/v2\/posts\/43155","targetHints":{"allow":["GET"]}}],"collection":[{"href":"https:\/\/noticel.com\/en\/wp-json\/wp\/v2\/posts"}],"about":[{"href":"https:\/\/noticel.com\/en\/wp-json\/wp\/v2\/types\/post"}],"replies":[{"embeddable":true,"href":"https:\/\/noticel.com\/en\/wp-json\/wp\/v2\/comments?post=43155"}],"version-history":[{"count":1,"href":"https:\/\/noticel.com\/en\/wp-json\/wp\/v2\/posts\/43155\/revisions"}],"predecessor-version":[{"id":547617,"href":"https:\/\/noticel.com\/en\/wp-json\/wp\/v2\/posts\/43155\/revisions\/547617"}],"wp:attachment":[{"href":"https:\/\/noticel.com\/en\/wp-json\/wp\/v2\/media?parent=43155"}],"wp:term":[{"taxonomy":"category","embeddable":true,"href":"https:\/\/noticel.com\/en\/wp-json\/wp\/v2\/categories?post=43155"},{"taxonomy":"post_tag","embeddable":true,"href":"https:\/\/noticel.com\/en\/wp-json\/wp\/v2\/tags?post=43155"}],"curies":[{"name":"wp","href":"https:\/\/api.w.org\/{rel}","templated":true}]}}