{"id":41835,"date":"2014-02-28T00:00:00","date_gmt":"2014-02-28T04:00:00","guid":{"rendered":"http:\/\/www.noticel.com\/mundo\/20140228\/eeuu-anuncia-inversiones-millonarias-para-las-regiones-en-conflicto-en-colo\/"},"modified":"2025-08-20T12:27:55","modified_gmt":"2025-08-20T12:27:55","slug":"eeuu-anuncia-inversiones-millonarias-para-las-regiones-en-conflicto-en-colo","status":"publish","type":"post","link":"https:\/\/noticel.com\/en\/noticias\/mundo\/20140228\/eeuu-anuncia-inversiones-millonarias-para-las-regiones-en-conflicto-en-colo\/","title":{"rendered":"EEUU anuncia inversiones millonarias para las regiones en conflicto en Colo"},"content":{"rendered":"<p>El secretario de Estado de EEUU, John Kerry, anunci\u00f3 hoy la inversi\u00f3n de 15 millones de d\u00f3lares a lo largo de cuatro a\u00f1os en las \u00e1reas m\u00e1s afectadas por el conflicto armado en Colombia, adem\u00e1s de otros 7 millones en apoyo a los esfuerzos para la restituci\u00f3n de tierras del Gobierno colombiano.<\/p>\n<p>&#8216;Creemos que el apoyo a la restituci\u00f3n de tierras es esencial para una paz duradera&#8217;, dijo Kerry al inicio de la cuarta sesi\u00f3n del di\u00e1logo de alto nivel entre Estados Unidos y Colombia, que se celebra hoy en Washington.<\/p>\n<p>&#8216;Queremos anunciar una inversi\u00f3n de 15 millones de d\u00f3lares a lo largo de cuatro a\u00f1os a algunas de las regiones m\u00e1s heridas por el conflicto, y tambi\u00e9n otros 7 millones de d\u00f3lares en apoyo a los esfuerzos para implementar la restituci\u00f3n de tierras&#8217;, agreg\u00f3 Kerry, que compareci\u00f3 junto a la canciller colombiana, Mar\u00eda \u00c1ngela Holgu\u00edn.<\/p>\n<p>Kerry subray\u00f3 que a medida que la vida de m\u00e1s colombianos cambia para mejor, as\u00ed lo hace la relaci\u00f3n entre Estados Unidos y Colombia que, seg\u00fan asegur\u00f3, ya &#8216;nunca m\u00e1s estar\u00e1 limitada a la criminalidad y a la subversi\u00f3n, sino a lograr la prosperidad&#8217; en el pa\u00eds andino.<\/p><div class=\"notic-content-middle\" id=\"notic-4110917007\"><div class=\"notic-adlabel\">Advertisements<\/div><a data-no-instant=\"1\" href=\"https:\/\/www.asegurate-bien.com\/\" rel=\"noopener\" class=\"a2t-link\" target=\"_blank\" aria-label=\"Acodese-Adaptaciones-Noticel-970&#215;250\"><img loading=\"lazy\" decoding=\"async\" src=\"https:\/\/cdn.noticel.com\/2026\/05\/30100504\/Acodese-Adaptaciones-Noticel-970x250-1.jpg\" alt=\"\"  srcset=\"https:\/\/cdn.noticel.com\/2026\/05\/30100504\/Acodese-Adaptaciones-Noticel-970x250-1.jpg 970w, https:\/\/cdn.noticel.com\/2026\/05\/30100504\/Acodese-Adaptaciones-Noticel-970x250-1-300x77.jpg 300w, https:\/\/cdn.noticel.com\/2026\/05\/30100504\/Acodese-Adaptaciones-Noticel-970x250-1-768x198.jpg 768w, https:\/\/cdn.noticel.com\/2026\/05\/30100504\/Acodese-Adaptaciones-Noticel-970x250-1-18x5.jpg 18w\" sizes=\"(max-width: 970px) 100vw, 970px\" width=\"970\" height=\"250\"   \/><\/a><\/div>\n<p>El secretario de Estado insisti\u00f3 en que las dos naciones continuar\u00e1n &#8216;fortaleciendo el gobierno democr\u00e1tico&#8217; as\u00ed como &#8216;protegiendo a las v\u00edctimas del conflicto&#8217; y reafirmando su compromiso con los derechos humanos.<\/p>\n<p>Por otra parte, Holgu\u00edn se refiri\u00f3 a la firma de un memorando de entendimiento entre ambos pa\u00edses en materia de energ\u00eda y cuidado medioambiental.<\/p>\n<p>La canciller indic\u00f3 que el acuerdo, rubricado por el Ministerio de Minas y Energ\u00eda de Colombia y el Ministerio de Energ\u00eda estadounidense, est\u00e1 encaminado al fomento de las energ\u00edas renovables y al compromiso por la preservaci\u00f3n de los parques naturales de ambos pa\u00edses.<\/p>","protected":false},"excerpt":{"rendered":"<p>El secretario de Estado de EEUU, John Kerry, anunci\u00f3 hoy la inversi\u00f3n de 15 millones de d\u00f3lares a lo largo de cuatro a\u00f1os en las \u00e1reas m\u00e1s afectadas por el conflicto armado en Colombia, adem\u00e1s de otros 7 millones en apoyo a los esfuerzos para la restituci\u00f3n de tierras del Gobierno colombiano. &#8216;Creemos que el [&hellip;]<\/p>","protected":false},"author":0,"featured_media":882830,"comment_status":"closed","ping_status":"closed","sticky":false,"template":"","format":"standard","meta":{"_acf_changed":false,"_monsterinsights_skip_tracking":false,"ep_exclude_from_search":false,"footnotes":""},"categories":[17],"tags":[],"class_list":["post-41835","post","type-post","status-publish","format-standard","has-post-thumbnail","hentry","category-mundo"],"acf":[],"aioseo_notices":[],"_links":{"self":[{"href":"https:\/\/noticel.com\/en\/wp-json\/wp\/v2\/posts\/41835","targetHints":{"allow":["GET"]}}],"collection":[{"href":"https:\/\/noticel.com\/en\/wp-json\/wp\/v2\/posts"}],"about":[{"href":"https:\/\/noticel.com\/en\/wp-json\/wp\/v2\/types\/post"}],"replies":[{"embeddable":true,"href":"https:\/\/noticel.com\/en\/wp-json\/wp\/v2\/comments?post=41835"}],"version-history":[{"count":1,"href":"https:\/\/noticel.com\/en\/wp-json\/wp\/v2\/posts\/41835\/revisions"}],"predecessor-version":[{"id":882848,"href":"https:\/\/noticel.com\/en\/wp-json\/wp\/v2\/posts\/41835\/revisions\/882848"}],"wp:featuredmedia":[{"embeddable":true,"href":"https:\/\/noticel.com\/en\/wp-json\/wp\/v2\/media\/882830"}],"wp:attachment":[{"href":"https:\/\/noticel.com\/en\/wp-json\/wp\/v2\/media?parent=41835"}],"wp:term":[{"taxonomy":"category","embeddable":true,"href":"https:\/\/noticel.com\/en\/wp-json\/wp\/v2\/categories?post=41835"},{"taxonomy":"post_tag","embeddable":true,"href":"https:\/\/noticel.com\/en\/wp-json\/wp\/v2\/tags?post=41835"}],"curies":[{"name":"wp","href":"https:\/\/api.w.org\/{rel}","templated":true}]}}