{"id":41790,"date":"2017-09-02T00:00:00","date_gmt":"2017-09-02T04:00:00","guid":{"rendered":"http:\/\/www.noticel.com\/ahora\/legislatura\/20170902\/renuncia-empleado-de-pichy-torres-implicado-en-hostigamiento-sexual\/"},"modified":"2025-07-21T22:29:26","modified_gmt":"2025-07-21T22:29:26","slug":"renuncia-empleado-de-pichy-torres-implicado-en-hostigamiento-sexual","status":"publish","type":"post","link":"https:\/\/noticel.com\/en\/ultima-hora\/20170902\/renuncia-empleado-de-pichy-torres-implicado-en-hostigamiento-sexual\/","title":{"rendered":"Renuncia empleado de &#8216;Pichy&#8217; Torres implicado en hostigamiento sexual"},"content":{"rendered":"<p>El representante Jose &#8216;Pichy&#8217; Torres Zamora, inform\u00f3 que, tras una reuni\u00f3n sostenida con el exdirector de su oficina, Felix D. Garc\u00eda, y a petici\u00f3n suya, el empleado present\u00f3 su renuncia de car\u00e1cter inmediata.<\/p>\n<p>Seg\u00fan Torres Zamora, el ahora exempleado se\u00f1al\u00f3 en su carta que su inter\u00e9s es que contin\u00fae el proceso administrativo que lleva a cabo la C\u00e1mara de Representantes, a pesar de su renuncia, en aras de que aflore toda la verdad sobre el alegado caso de hostigamiento sexual que se le imputa que cometi\u00f3 contra una empleada de la oficina del legislador.<\/p><div class=\"notic-content-middle\" id=\"notic-3152379372\"><div class=\"notic-adlabel\">Advertisements<\/div><a data-no-instant=\"1\" href=\"https:\/\/qrco.de\/bgxd5v\" rel=\"noopener\" class=\"a2t-link\" target=\"_blank\" aria-label=\"image002\"><img loading=\"lazy\" decoding=\"async\" src=\"https:\/\/cdn.noticel.com\/2026\/09\/04152516\/image002.jpg\" alt=\"\"  srcset=\"https:\/\/cdn.noticel.com\/2026\/09\/04152516\/image002.jpg 288w, https:\/\/cdn.noticel.com\/2026\/09\/04152516\/image002-14x12.jpg 14w\" sizes=\"(max-width: 288px) 100vw, 288px\" width=\"288\" height=\"240\"   \/><\/a><\/div>\n<p>Esta semana el presidente Cameral, Carlos \u2018Johnny&#8217; M\u00e9ndez, sostuvo que la investigadora independiente, Blanca S\u00e1ez, recomend\u00f3 que Garc\u00eda fuera &#8216;referido a Capital Humano porque ella entiende que en ese caso hubo conducta impropia&#8217;.<\/p>\n<p>A su vez, M\u00e9ndez refiri\u00f3 a la Comisi\u00f3n de \u00c9tica de la C\u00e1mara de Representantes el informe de S\u00e1ez sobre Torres Zamora, en el que concluye que no existen los elementos para entender que se constituy\u00f3 una supuesta conducta de hostigamiento sexual contra la misma empleada.<\/p>","protected":false},"excerpt":{"rendered":"<p>El representante Jose &#8216;Pichy&#8217; Torres Zamora, inform\u00f3 que, tras una reuni\u00f3n sostenida con el exdirector de su oficina, Felix D. Garc\u00eda, y a petici\u00f3n suya, el empleado present\u00f3 su renuncia de car\u00e1cter inmediata. Seg\u00fan Torres Zamora, el ahora exempleado se\u00f1al\u00f3 en su carta que su inter\u00e9s es que contin\u00fae el proceso administrativo que lleva a [&hellip;]<\/p>","protected":false},"author":0,"featured_media":549643,"comment_status":"closed","ping_status":"closed","sticky":false,"template":"","format":"standard","meta":{"_acf_changed":false,"_monsterinsights_skip_tracking":false,"ep_exclude_from_search":false,"footnotes":""},"categories":[5,2],"tags":[],"class_list":["post-41790","post","type-post","status-publish","format-standard","has-post-thumbnail","hentry","category-legislatura","category-ultima-hora"],"acf":[],"aioseo_notices":[],"_links":{"self":[{"href":"https:\/\/noticel.com\/en\/wp-json\/wp\/v2\/posts\/41790","targetHints":{"allow":["GET"]}}],"collection":[{"href":"https:\/\/noticel.com\/en\/wp-json\/wp\/v2\/posts"}],"about":[{"href":"https:\/\/noticel.com\/en\/wp-json\/wp\/v2\/types\/post"}],"replies":[{"embeddable":true,"href":"https:\/\/noticel.com\/en\/wp-json\/wp\/v2\/comments?post=41790"}],"version-history":[{"count":1,"href":"https:\/\/noticel.com\/en\/wp-json\/wp\/v2\/posts\/41790\/revisions"}],"predecessor-version":[{"id":549644,"href":"https:\/\/noticel.com\/en\/wp-json\/wp\/v2\/posts\/41790\/revisions\/549644"}],"wp:featuredmedia":[{"embeddable":true,"href":"https:\/\/noticel.com\/en\/wp-json\/wp\/v2\/media\/549643"}],"wp:attachment":[{"href":"https:\/\/noticel.com\/en\/wp-json\/wp\/v2\/media?parent=41790"}],"wp:term":[{"taxonomy":"category","embeddable":true,"href":"https:\/\/noticel.com\/en\/wp-json\/wp\/v2\/categories?post=41790"},{"taxonomy":"post_tag","embeddable":true,"href":"https:\/\/noticel.com\/en\/wp-json\/wp\/v2\/tags?post=41790"}],"curies":[{"name":"wp","href":"https:\/\/api.w.org\/{rel}","templated":true}]}}