{"id":41095,"date":"2014-08-07T00:00:00","date_gmt":"2014-08-07T04:00:00","guid":{"rendered":"http:\/\/www.noticel.com\/mundo\/20140807\/estado-de-emergencia-en-liberia-para-atajar-la-epidemia-de-ebola\/"},"modified":"2025-08-17T14:01:55","modified_gmt":"2025-08-17T14:01:55","slug":"estado-de-emergencia-en-liberia-para-atajar-la-epidemia-de-ebola","status":"publish","type":"post","link":"https:\/\/noticel.com\/en\/noticias\/mundo\/20140807\/estado-de-emergencia-en-liberia-para-atajar-la-epidemia-de-ebola\/","title":{"rendered":"Estado de emergencia en Liberia para atajar la epidemia de \u00e9bola"},"content":{"rendered":"<p>Liberia se ha unido a Sierra Leona al declarar el estado de emergencia para atajar la epidemia de ebola, que ha causado ya en ese pa\u00eds la muerte de m\u00e1s de 280 personas.<\/p>\n<p>&#8216;El Gobierno y el pueblo de Liberia requieren medidas extraordinarias para la supervivencia de nuestro Estado y la protecci\u00f3n de la vida de nuestra gente&#8217;, dijo anoche la presidenta del pa\u00eds, Ellen Johnson Sirleaf.<\/p>\n<p>&#8216;Por tanto y en virtud de los poderes que se me otorgan (&#8230;) declaro el estado de emergencia efectivo en toda la Rep\u00fablica de Liberia a partir del 6 de agosto de 2014 durante un periodo de 90 d\u00edas&#8217;, subray\u00f3 la mandataria.<\/p>\n<p>La decisi\u00f3n permite al Gobierno adoptar &#8216;medidas extraordinarias, incluida, si es necesaria, la suspensi\u00f3n de ciertos derechos y privilegios&#8217;.<\/p>\n<p>La presidenta admiti\u00f3 que las acciones emprendidas desde hace dos semanas, como el cierre de escuelas, la fumigaci\u00f3n de edificios p\u00fablicos o la cremaci\u00f3n de cad\u00e1veres de v\u00edctimas del \u00e9bola, no han sido suficientes para frenar el brote.<\/p>\n<p>&#8216;Pese a esos y otros esfuerzos continuos, la amenaza sigue creciendo. La ignorancia y la pobreza, as\u00ed como las pr\u00e1cticas religiosas y culturales arraigadas, contin\u00faan exacerbando la propagaci\u00f3n de la enfermedad&#8217;, se\u00f1al\u00f3 Johnson Sirleaf.<\/p>\n<p>Seg\u00fan los datos divulgados ayer por la Organizaci\u00f3n Mundial de la Salud (OMS), la cifra de contagios asciende en Liberia a 516 y la de decesos a 282, desde que el brote se origin\u00f3 el pasado 22 de marzo en la vecina Guinea Conakry.<\/p>\n<p>&#8216;Actualmente, no hay cura para el virus, que tiene un \u00edndice de mortalidad de hasta el 90 por ciento&#8217;, record\u00f3 la presidenta liberiana, al remarcar que el impacto letal de la enfermedad es &#8216;alarmante&#8217;, especialmente entre empleados de hospitales.<\/p>\n<p>El anuncio coincidi\u00f3 con la repatriaci\u00f3n a Espa\u00f1a en un avi\u00f3n militar de un religioso espa\u00f1ol que contrajo el \u00e9bola en el hospital San Jos\u00e9 de la capital liberiana, Monrovia.<\/p>\n<p>Se trata del misionero Miguel Pajares, el primer infectado con el virus que ha sido trasladado a Europa para su tratamiento.<\/p>\n<p>Pajares, de 75 a\u00f1os, permaneci\u00f3 aislado desde el pasado viernes en el citado hospital, junto con otras cinco personas, despu\u00e9s de la muerte de su director, el hermano Patrick Nshamdzea, a quien cuid\u00f3 el religioso espa\u00f1ol.<\/p>\n<p>Antes de Liberia, la vecina Sierra Leona, otro pa\u00eds azotado por la epidemia, ya declar\u00f3 el estado de emergencia a finales del pasado julio, durante un periodo de entre 60 y 90 d\u00edas, como parte de su &#8216;lucha nacional&#8217; contra el \u00e9bola.<\/p>\n<p>El brote de \u00e9bola que asuela \u00c1frica Occidental ha infectado, hasta la fecha, a 1,711 personas, de las cuales 932 han muerto, seg\u00fan el \u00faltimo recuento de la OMS.<\/p>\n<p>La OMS ha convocado para hoy una reuni\u00f3n de su Comit\u00e9 de Emergencia por teleconferencia para que los expertos de ese organismo determinen si la actual epidemia constituye una &#8216;emergencia sanitaria de alcance internacional&#8217;.<\/p>\n<p>La enfermedad -que se transmite por contacto directo con la sangre y fluidos corporales de personas o animales infectados- causa hemorragias graves.<\/p>\n<p>Esta es la primera vez que se identifica y se confirma una epidemia de \u00e9bola en \u00c1frica Occidental, pues hasta ahora siempre se hab\u00edan detectado en \u00c1frica Central.<\/p>\n<p>La presente epidemia ya se ha convertido en la m\u00e1s letal de la historia de la enfermedad.<\/p>","protected":false},"excerpt":{"rendered":"<p>Liberia se ha unido a Sierra Leona al declarar el estado de emergencia para atajar la epidemia de ebola, que ha causado ya en ese pa\u00eds la muerte de m\u00e1s de 280 personas. &#8216;El Gobierno y el pueblo de Liberia requieren medidas extraordinarias para la supervivencia de nuestro Estado y la protecci\u00f3n de la vida [&hellip;]<\/p>","protected":false},"author":0,"featured_media":858864,"comment_status":"closed","ping_status":"closed","sticky":false,"template":"","format":"standard","meta":{"_acf_changed":false,"_monsterinsights_skip_tracking":false,"ep_exclude_from_search":false,"footnotes":""},"categories":[17],"tags":[],"class_list":["post-41095","post","type-post","status-publish","format-standard","has-post-thumbnail","hentry","category-mundo"],"acf":[],"aioseo_notices":[],"_links":{"self":[{"href":"https:\/\/noticel.com\/en\/wp-json\/wp\/v2\/posts\/41095","targetHints":{"allow":["GET"]}}],"collection":[{"href":"https:\/\/noticel.com\/en\/wp-json\/wp\/v2\/posts"}],"about":[{"href":"https:\/\/noticel.com\/en\/wp-json\/wp\/v2\/types\/post"}],"replies":[{"embeddable":true,"href":"https:\/\/noticel.com\/en\/wp-json\/wp\/v2\/comments?post=41095"}],"version-history":[{"count":1,"href":"https:\/\/noticel.com\/en\/wp-json\/wp\/v2\/posts\/41095\/revisions"}],"predecessor-version":[{"id":858912,"href":"https:\/\/noticel.com\/en\/wp-json\/wp\/v2\/posts\/41095\/revisions\/858912"}],"wp:featuredmedia":[{"embeddable":true,"href":"https:\/\/noticel.com\/en\/wp-json\/wp\/v2\/media\/858864"}],"wp:attachment":[{"href":"https:\/\/noticel.com\/en\/wp-json\/wp\/v2\/media?parent=41095"}],"wp:term":[{"taxonomy":"category","embeddable":true,"href":"https:\/\/noticel.com\/en\/wp-json\/wp\/v2\/categories?post=41095"},{"taxonomy":"post_tag","embeddable":true,"href":"https:\/\/noticel.com\/en\/wp-json\/wp\/v2\/tags?post=41095"}],"curies":[{"name":"wp","href":"https:\/\/api.w.org\/{rel}","templated":true}]}}