{"id":40573,"date":"2016-06-07T00:00:00","date_gmt":"2016-06-07T04:00:00","guid":{"rendered":"http:\/\/www.noticel.com\/mundo\/20160607\/ryan-acusa-a-trump-de-racismo\/"},"modified":"2025-07-25T11:03:11","modified_gmt":"2025-07-25T11:03:11","slug":"ryan-acusa-a-trump-de-racismo","status":"publish","type":"post","link":"https:\/\/noticel.com\/en\/noticias\/mundo\/20160607\/ryan-acusa-a-trump-de-racismo\/","title":{"rendered":"Ryan acusa a Trump de racismo"},"content":{"rendered":"<p>El presidente de la C\u00e1mara de Representantes de EE.UU., el republicano Paul Ryan, afirm\u00f3 hoy que los ataques del virtual candidato de su partido a la Casa Blanca, el magnate Donald Trump, a un juez por ser de origen mexicano responden a &#8216;la definici\u00f3n de manual de comentarios racistas&#8217;.<\/p>\n<p>&#8216;Lamento los comentarios que \u00e9l ha hecho&#8217;, afirm\u00f3 Ryan, que ocupa el tercer cargo pol\u00edtico m\u00e1s importante de EE.UU., en un acto celebrado en Washington para presentar un plan de lucha contra la pobreza.<\/p>\n<p>El l\u00edder republicano se refiri\u00f3 a las acusaciones de Trump contra el juez Gonzalo Curiel, nacido en Indiana, de padres mexicanos y encargado del caso de presunto fraude de la universidad que lleva el nombre del magnate.<\/p>\n<p>Curiel orden\u00f3 el pasado viernes la publicaci\u00f3n de m\u00e1s de mil p\u00e1ginas de escritos judiciales sobre la Universidad Trump debido al inter\u00e9s p\u00fablico que puede tener el caso, abierto en 2010 en la corte del distrito Sur de California, con sede en San Diego.<\/p>\n<p>En respuesta, el magnate acus\u00f3 al juez de tomar esa decisi\u00f3n debido a sus or\u00edgenes mexicanos, lo que consider\u00f3 un conflicto de intereses para el juez debido a su propuesta de construir un muro en la frontera sur con M\u00e9xico para combatir la inmigraci\u00f3n ilegal.<\/p>\n<p>Ryan subray\u00f3 hoy que &#8216;decir que una persona no puede hacer su trabajo debido a su raza es un tipo de definici\u00f3n de manual de comentarios racistas&#8217;.<\/p>\n<p>&#8216;Creo que eso deber\u00eda ser absolutamente repudiado&#8217;, asever\u00f3 el presidente de la C\u00e1mara Baja, quien considera &#8216;indefendibles&#8217; las declaraciones del multimillonario neoyorquino.<\/p>\n<p>Ryan ya critic\u00f3 a Trump la semana pasada por el mismo motivo, pero con un tono mucho m\u00e1s moderado.<\/p><div class=\"notic-content-middle\" id=\"notic-2241651684\"><div class=\"notic-adlabel\">Advertisements<\/div><a data-no-instant=\"1\" href=\"https:\/\/www.asegurate-bien.com\/\" rel=\"noopener\" class=\"a2t-link\" target=\"_blank\" aria-label=\"Acodese-Adaptaciones-Noticel-300&#215;600\"><img loading=\"lazy\" decoding=\"async\" src=\"https:\/\/cdn.noticel.com\/2026\/05\/30094652\/Acodese-Adaptaciones-Noticel-300x600-1.jpg\" alt=\"\"  srcset=\"https:\/\/cdn.noticel.com\/2026\/05\/30094652\/Acodese-Adaptaciones-Noticel-300x600-1.jpg 300w, https:\/\/cdn.noticel.com\/2026\/05\/30094652\/Acodese-Adaptaciones-Noticel-300x600-1-150x300.jpg 150w, https:\/\/cdn.noticel.com\/2026\/05\/30094652\/Acodese-Adaptaciones-Noticel-300x600-1-6x12.jpg 6w\" sizes=\"(max-width: 300px) 100vw, 300px\" width=\"300\" height=\"600\"   \/><\/a><\/div>\n<p>Tambi\u00e9n la semana pasada, el l\u00edder republicano hizo oficial su apoyo a Trump de cara a las elecciones de noviembre para que sea el pr\u00f3ximo inquilino de la Casa Blanca, tras muchas reticencias debido a la ret\u00f3rica incendiaria del multimillonario.<\/p>\n<p>Los comentarios del magnate sobre el juez, a quien acusa de tratarle de &#8216;manera hostil&#8217; al investigar las demandas de fraude contra la Universidad Trump, han generado una gran controversia en Estados Unidos.<\/p>\n<p>La Universidad Trump ha sido retratada en documentos judiciales como un negocio sin escr\u00fapulos que presionaba a estudiantes pobres para que adquirieran cursos sobre negocios inmobiliarios y finanzas cuyas matr\u00edculas les costaban casi 35.000 d\u00f3lares.<\/p>\n<p>Las pol\u00e9micas declaraciones del empresario neoyorquino tambi\u00e9n fueron condenadas este lunes por los senadores Marco Rubio y Ted Cruz, exrivales del candidato oficioso del Partido Republicano a la presidencia de EE.UU. en la carrera para lograr la nominaci\u00f3n.<\/p>\n<p>&#8216;Es ofensivo. Deber\u00eda dejar de decirlo. Est\u00e1 equivocado, el juez es estadounidense&#8217;, indic\u00f3 Rubio a los periodistas en el Senado.<\/p>\n<p>&#8216;No resulta apropiado atacar a un juez federal por su raza o etnia&#8217;, coment\u00f3 Cruz a la cadena NBC News.<\/p>\n<p>El gobernador de Nueva Jersey, Chris Christie, tambi\u00e9n exrival de Trump en la pugna por la candidatura presidencial y ahora estrecho aliado suyo, sali\u00f3 hoy en defensa del multimillonario.<\/p>\n<p>&#8216;Conozco a Donald Trump. Le conozco desde hace 14 a\u00f1os. Y Donald Trump no es un racista&#8217;, afirm\u00f3 Christie antes de votar en las elecciones primarias republicanas que celebra su estado, pese a que el magnate no tiene ya adversarios en la pugna por la nominaci\u00f3n.<\/p>","protected":false},"excerpt":{"rendered":"<p>El presidente de la C\u00e1mara de Representantes de EE.UU., el republicano Paul Ryan, afirm\u00f3 hoy que los ataques del virtual candidato de su partido a la Casa Blanca, el magnate Donald Trump, a un juez por ser de origen mexicano responden a &#8216;la definici\u00f3n de manual de comentarios racistas&#8217;. &#8216;Lamento los comentarios que \u00e9l ha [&hellip;]<\/p>","protected":false},"author":0,"featured_media":573334,"comment_status":"closed","ping_status":"closed","sticky":false,"template":"","format":"standard","meta":{"_acf_changed":false,"_monsterinsights_skip_tracking":false,"ep_exclude_from_search":false,"footnotes":""},"categories":[17],"tags":[],"class_list":["post-40573","post","type-post","status-publish","format-standard","has-post-thumbnail","hentry","category-mundo"],"acf":[],"aioseo_notices":[],"_links":{"self":[{"href":"https:\/\/noticel.com\/en\/wp-json\/wp\/v2\/posts\/40573","targetHints":{"allow":["GET"]}}],"collection":[{"href":"https:\/\/noticel.com\/en\/wp-json\/wp\/v2\/posts"}],"about":[{"href":"https:\/\/noticel.com\/en\/wp-json\/wp\/v2\/types\/post"}],"replies":[{"embeddable":true,"href":"https:\/\/noticel.com\/en\/wp-json\/wp\/v2\/comments?post=40573"}],"version-history":[{"count":1,"href":"https:\/\/noticel.com\/en\/wp-json\/wp\/v2\/posts\/40573\/revisions"}],"predecessor-version":[{"id":573352,"href":"https:\/\/noticel.com\/en\/wp-json\/wp\/v2\/posts\/40573\/revisions\/573352"}],"wp:featuredmedia":[{"embeddable":true,"href":"https:\/\/noticel.com\/en\/wp-json\/wp\/v2\/media\/573334"}],"wp:attachment":[{"href":"https:\/\/noticel.com\/en\/wp-json\/wp\/v2\/media?parent=40573"}],"wp:term":[{"taxonomy":"category","embeddable":true,"href":"https:\/\/noticel.com\/en\/wp-json\/wp\/v2\/categories?post=40573"},{"taxonomy":"post_tag","embeddable":true,"href":"https:\/\/noticel.com\/en\/wp-json\/wp\/v2\/tags?post=40573"}],"curies":[{"name":"wp","href":"https:\/\/api.w.org\/{rel}","templated":true}]}}