{"id":40317,"date":"2013-11-26T00:00:00","date_gmt":"2013-11-26T04:00:00","guid":{"rendered":"http:\/\/www.noticel.com\/economia\/20131126\/pilotos-objetan-nuevas-tarifas-que-quiere-imponer-puertos-en-aeropuertos-re\/"},"modified":"2025-07-18T09:47:15","modified_gmt":"2025-07-18T09:47:15","slug":"pilotos-objetan-nuevas-tarifas-que-quiere-imponer-puertos-en-aeropuertos-re","status":"publish","type":"post","link":"https:\/\/noticel.com\/en\/economia\/20131126\/pilotos-objetan-nuevas-tarifas-que-quiere-imponer-puertos-en-aeropuertos-re\/","title":{"rendered":"Pilotos objetan nuevas tarifas que quiere imponer Puertos en aeropuertos re"},"content":{"rendered":"<p>La Autoridad de los Puertos defendi\u00f3 el aumento de 8% del canon de arrendamiento que quiere establecer para los concesionarios de los aeropuertos regionales a base de la tasaci\u00f3n de los hangares y otras propiedades.<\/p>\n<p>En una concurrida vista p\u00fablica dirigida por el oficial examinador, Guillermo San Antonio, la mayor\u00eda de los pilotos privados se opusieron al aumento propuesto y denunciaron que no han tenido acceso a los informes de las tasaciones de las propiedades del aeropuerto de Isla Grande, documento que tiene entre 60 y 70 p\u00e1ginas. El examinador dijo que la vista es &#8216;informal&#8217; y &#8216;cuasi legislativa&#8217;.<\/p>\n<p>Por ello, la vista se torn\u00f3 en informativa porque los asistentes a la audiencia no han tenido acceso a las supuestas consultas que la Autoridad de los Puertos presuntamente ha tenido con la FAA ni tampoco ha tenido acceso a otros documentos del expediente en poder de la corporaci\u00f3n p\u00fablica.<\/p>\n<p>El licenciado Emil Rodr\u00edguez, SJ Jet, recomend\u00f3 al oficial examinador que descarte la vista debido precisamente a que los asistentes no han tenido acceso a ninguno de los expedientes considerados por la Autoridad de los Puertos para establecer el nuevo canon de arrendamiento.<\/p>\n<p>&#8216;No podemos cuasi legislar porque aqu\u00ed no ha habido un proceso administrativo uniforme. Que se utilice esto para que se prepare un expediente&#8217;, denunci\u00f3 Rodr\u00edguez.<\/p>\n<p>Empero, Rolando Padua, gerente general del Negociado de Aviaci\u00f3n, afirm\u00f3 que el aumento propuesto es una recomendaci\u00f3n que le hizo a la AP la Administraci\u00f3n Federal de Aviaci\u00f3n (FAA, por sus siglas en ingl\u00e9s).<\/p>\n<p>&#8216;No nos dijeron aumenten los \u2018landing fees&#8217;, el \u2018fuel fee&#8217;. La recomendaci\u00f3n que nos hacen es esta, hacer una tasaci\u00f3n y aplicarla&#8217;, destac\u00f3 a preguntas de uno de los deponentes.<\/p>\n<p>&#8216;Esto no es una imposici\u00f3n especial que se ha hecho luego de la transacci\u00f3n (de venta del aeropuerto internacional Luis Mu\u00f1oz Mar\u00edn). Esto es un recordatorio (de la FAA) a que la Autoridad de los Puertos lo ha estado haciendo mal porque no ha cobrado a los concesionarios los valores reales (a las propiedades)&#8217;, reiter\u00f3 Padua.<\/p>\n<p>De acuerdo con Padua, la reglamentaci\u00f3n de federal dispone que &#8216;se considera justo y razonable&#8217; entre un 5% y 12% en el canon de arrendamiento de acuerdo &#8216;al valor de tasaci\u00f3n&#8217;.<\/p><div class=\"notic-content-middle\" id=\"notic-605146962\"><div class=\"notic-adlabel\">Advertisements<\/div><a data-no-instant=\"1\" href=\"https:\/\/www.cst.pr.gov\/\" rel=\"noopener\" class=\"a2t-link\" target=\"_blank\" aria-label=\"970&#215;90\"><img loading=\"lazy\" decoding=\"async\" src=\"https:\/\/cdn.noticel.com\/2026\/09\/02203812\/970x90.jpg\" alt=\"\"  srcset=\"https:\/\/cdn.noticel.com\/2026\/09\/02203812\/970x90.jpg 970w, https:\/\/cdn.noticel.com\/2026\/09\/02203812\/970x90-300x28.jpg 300w, https:\/\/cdn.noticel.com\/2026\/09\/02203812\/970x90-768x71.jpg 768w, https:\/\/cdn.noticel.com\/2026\/09\/02203812\/970x90-18x2.jpg 18w\" sizes=\"(max-width: 970px) 100vw, 970px\" width=\"970\" height=\"90\"   \/><\/a><\/div>\n<p>En medio de la vista, el oficial examinador reconoci\u00f3 que los asistentes no han tenido acceso a los documentos de las tasaciones, pero asegur\u00f3 que tendr\u00e1n la oportunidad de hacerlo para que puedan hacer recomendaciones informadas.<\/p>\n<p>&#8216;Este es el inicio de un proceso para el borrador preliminar para luego tener un informe final. El proceso contin\u00faa y sobre el tema si han tenido o no acceso al documento, est\u00e1 anotada la objeci\u00f3n&#8217;, dijo el oficial examinador.<\/p>\n<p>Orlando Monta\u00f1ez, expresidente de Air Club, denunci\u00f3 que en el 2006 los concesionarios del aeropuerto de Isla Grande se les hizo un aumento y &#8216;no se toc\u00f3&#8217; a los dem\u00e1s aeropuertos regionales, principalmente el de Aguadilla.<\/p>\n<p>&#8216;Estamos siendo discriminados cuando Aguadilla lleva 10 a\u00f1os o m\u00e1s pagando el mismo canon y ahora quieren tocarnos a nosotros sin tocarlos a ellos&#8217;, denunci\u00f3 Monta\u00f1ez.<\/p>\n<p>La licenciada Ingrid Colberg Toro, asesora legal de la Autoridad de los Puertos, rechaz\u00f3 el se\u00f1alamiento de discrimen porque todos los aeropuertos regionales est\u00e1n siendo evaluados para el aumento.<\/p>\n<p>&#8216;Aguadilla tambi\u00e9n est\u00e1 pasando por un proceso de revisi\u00f3n de tarifas. Estamos en procesos simult\u00e1neos, la vista p\u00fablica es el 5 de diciembre aqu\u00ed mismo&#8217;, destac\u00f3 Colberg Toro.<\/p>\n<p>La asesora legal revel\u00f3, adem\u00e1s, que de las 37 estructuras que hay en el aeropuerto de Isla Grande, solamente seis est\u00e1n vigentes y el resto est\u00e1 en proceso de renovaci\u00f3n y en b\u00fasqueda de que otros lleguen a acuerdos contractuales con la Autoridad de los Puertos. De acuerdo con la funcionaria, cuando el contrato finaliza las propiedades construidas pasan a ser parte de la Autoridad de los Puertos.<\/p>\n<p>El licenciado Eduardo Ferrer no descart\u00f3 acudir a los tribunales para que se paralice el proceso de vistas p\u00fablicas, toda vez que la Autoridad no ha cumplido con la ley de procedimiento administrativo uniforme.<\/p>\n<p>En tanto, Bruno Rodr\u00edguez, piloto privado, cuestion\u00f3 que por qu\u00e9 no se invitaron representantes de la Compa\u00f1\u00eda de Turismo y del Municipio de San Juan, entidades de gobierno que se ver\u00edan impactadas con cualquier decisi\u00f3n que se tome en el proceso.<\/p>","protected":false},"excerpt":{"rendered":"<p>La Autoridad de los Puertos defendi\u00f3 el aumento de 8% del canon de arrendamiento que quiere establecer para los concesionarios de los aeropuertos regionales a base de la tasaci\u00f3n de los hangares y otras propiedades. En una concurrida vista p\u00fablica dirigida por el oficial examinador, Guillermo San Antonio, la mayor\u00eda de los pilotos privados se [&hellip;]<\/p>","protected":false},"author":0,"featured_media":510799,"comment_status":"closed","ping_status":"closed","sticky":false,"template":"","format":"standard","meta":{"_acf_changed":false,"_monsterinsights_skip_tracking":false,"ep_exclude_from_search":false,"footnotes":""},"categories":[22],"tags":[],"class_list":["post-40317","post","type-post","status-publish","format-standard","has-post-thumbnail","hentry","category-economia"],"acf":[],"aioseo_notices":[],"_links":{"self":[{"href":"https:\/\/noticel.com\/en\/wp-json\/wp\/v2\/posts\/40317","targetHints":{"allow":["GET"]}}],"collection":[{"href":"https:\/\/noticel.com\/en\/wp-json\/wp\/v2\/posts"}],"about":[{"href":"https:\/\/noticel.com\/en\/wp-json\/wp\/v2\/types\/post"}],"replies":[{"embeddable":true,"href":"https:\/\/noticel.com\/en\/wp-json\/wp\/v2\/comments?post=40317"}],"version-history":[{"count":1,"href":"https:\/\/noticel.com\/en\/wp-json\/wp\/v2\/posts\/40317\/revisions"}],"predecessor-version":[{"id":510802,"href":"https:\/\/noticel.com\/en\/wp-json\/wp\/v2\/posts\/40317\/revisions\/510802"}],"wp:featuredmedia":[{"embeddable":true,"href":"https:\/\/noticel.com\/en\/wp-json\/wp\/v2\/media\/510799"}],"wp:attachment":[{"href":"https:\/\/noticel.com\/en\/wp-json\/wp\/v2\/media?parent=40317"}],"wp:term":[{"taxonomy":"category","embeddable":true,"href":"https:\/\/noticel.com\/en\/wp-json\/wp\/v2\/categories?post=40317"},{"taxonomy":"post_tag","embeddable":true,"href":"https:\/\/noticel.com\/en\/wp-json\/wp\/v2\/tags?post=40317"}],"curies":[{"name":"wp","href":"https:\/\/api.w.org\/{rel}","templated":true}]}}