{"id":40157,"date":"2016-01-30T00:00:00","date_gmt":"2016-01-30T04:00:00","guid":{"rendered":"http:\/\/www.noticel.com\/ahora\/gobierno\/la-calle\/policia\/20160130\/proteccion-adicional-al-asesino-confeso-de-joven-madre-en-hospital\/"},"modified":"2025-07-29T09:12:42","modified_gmt":"2025-07-29T09:12:42","slug":"proteccion-adicional-al-asesino-confeso-de-joven-madre-en-hospital","status":"publish","type":"post","link":"https:\/\/noticel.com\/en\/ultima-hora\/20160130\/proteccion-adicional-al-asesino-confeso-de-joven-madre-en-hospital\/","title":{"rendered":"Protecci\u00f3n adicional al asesino confeso de joven madre en hospital"},"content":{"rendered":"<p>Carlos Gabriel Laster Ramos, quien confesara a las autoridades el asesinato de la joven madre Shakira S\u00e1nchez Col\u00f3n el pasado 27 de enero en el Hospital San Antonio de Mayag\u00fcez, pidi\u00f3 protecci\u00f3n especial al Departamento de Correcci\u00f3n y Rehabilitaci\u00f3n (DCR) al ser ingresado a la c\u00e1rcel.<\/p>\n<p>Luego de ser fichado y procesado ayer, <a href=\"https:\/\/noticel.com\/en\/noticia\/186021\/a-la-carcel-imputado-de-asesinato-en-hospital-de-mayagez-galeria-y-video.html\/\" target=\"_blank\">jueves<\/a>, en Mayag\u00fcez, el individuo quien alega ser adicto al medicamento demerol, fue ingresado en la c\u00e1rcel Las Cucharas en Ponce al no poder prestar la millonaria fianza determinada por la jueza Angie Acosta.<\/p>\n<p>Durante la tarde de hoy, viernes, trascendi\u00f3 en entrevista de <a href=\"http:\/\/wole12.com\/2016\/01\/29\/asesino-de-shakira-sanchez-pide-seguridad-en-prision\/\" target=\"_blank\">WOLE TV<\/a> con el director de Homicidios de Mayag\u00fcez, Joel Gonz\u00e1lez, que Laster Ramos teme por su vida seg\u00fan le manifest\u00f3 a los agentes camino a Ponce. Una vez all\u00ed, notific\u00f3 a los oficiales de custodia quienes luego de procesarlo acogieron su petici\u00f3n.<\/p><div class=\"notic-content-middle\" id=\"notic-1896987679\"><div class=\"notic-adlabel\">Advertisements<\/div><a data-no-instant=\"1\" href=\"https:\/\/www.asegurate-bien.com\/\" rel=\"noopener\" class=\"a2t-link\" target=\"_blank\" aria-label=\"Acodese-Adaptaciones-Noticel-970&#215;90\"><img loading=\"lazy\" decoding=\"async\" src=\"https:\/\/cdn.noticel.com\/2026\/07\/30100146\/Acodese-Adaptaciones-Noticel-970x90-1.jpg\" alt=\"\"  srcset=\"https:\/\/cdn.noticel.com\/2026\/07\/30100146\/Acodese-Adaptaciones-Noticel-970x90-1.jpg 970w, https:\/\/cdn.noticel.com\/2026\/07\/30100146\/Acodese-Adaptaciones-Noticel-970x90-1-300x28.jpg 300w, https:\/\/cdn.noticel.com\/2026\/07\/30100146\/Acodese-Adaptaciones-Noticel-970x90-1-768x71.jpg 768w, https:\/\/cdn.noticel.com\/2026\/07\/30100146\/Acodese-Adaptaciones-Noticel-970x90-1-18x2.jpg 18w\" sizes=\"(max-width: 970px) 100vw, 970px\" width=\"970\" height=\"90\"   \/><\/a><\/div>\n<p>Seg\u00fan indic\u00f3 el portavoz del DCR, C\u00e9sar Fiallo, &#8216;al ser este un caso notorio, obviamente si la persona pide o la oficialidad entiende que amerita una protecci\u00f3n se le provee. A esa persona se le est\u00e1 tanto toda la seguridad necesaria&#8217;.<\/p>\n<p>Entretanto, Gonz\u00e1lez indic\u00f3 que se encuentran corroborando la versi\u00f3n de los hechos <a href=\"https:\/\/noticel.com\/en\/noticia\/185988\/confiesa-sospechoso-de-asesinato-en-hospital-de-mayagez.html\/\">confesada<\/a> por Laster Ramos respecto a su intenci\u00f3n de robo de medicamentos que culmin\u00f3 con el asesinato de la joven madre.<\/p>","protected":false},"excerpt":{"rendered":"<p>Carlos Gabriel Laster Ramos, quien confesara a las autoridades el asesinato de la joven madre Shakira S\u00e1nchez Col\u00f3n el pasado 27 de enero en el Hospital San Antonio de Mayag\u00fcez, pidi\u00f3 protecci\u00f3n especial al Departamento de Correcci\u00f3n y Rehabilitaci\u00f3n (DCR) al ser ingresado a la c\u00e1rcel. Luego de ser fichado y procesado ayer, jueves, en [&hellip;]<\/p>","protected":false},"author":0,"featured_media":607307,"comment_status":"closed","ping_status":"closed","sticky":false,"template":"","format":"standard","meta":{"_acf_changed":false,"_monsterinsights_skip_tracking":false,"ep_exclude_from_search":false,"footnotes":""},"categories":[4,12,2],"tags":[],"class_list":["post-40157","post","type-post","status-publish","format-standard","has-post-thumbnail","hentry","category-gobierno","category-la-calle","category-ultima-hora"],"acf":[],"aioseo_notices":[],"_links":{"self":[{"href":"https:\/\/noticel.com\/en\/wp-json\/wp\/v2\/posts\/40157","targetHints":{"allow":["GET"]}}],"collection":[{"href":"https:\/\/noticel.com\/en\/wp-json\/wp\/v2\/posts"}],"about":[{"href":"https:\/\/noticel.com\/en\/wp-json\/wp\/v2\/types\/post"}],"replies":[{"embeddable":true,"href":"https:\/\/noticel.com\/en\/wp-json\/wp\/v2\/comments?post=40157"}],"version-history":[{"count":1,"href":"https:\/\/noticel.com\/en\/wp-json\/wp\/v2\/posts\/40157\/revisions"}],"predecessor-version":[{"id":607322,"href":"https:\/\/noticel.com\/en\/wp-json\/wp\/v2\/posts\/40157\/revisions\/607322"}],"wp:featuredmedia":[{"embeddable":true,"href":"https:\/\/noticel.com\/en\/wp-json\/wp\/v2\/media\/607307"}],"wp:attachment":[{"href":"https:\/\/noticel.com\/en\/wp-json\/wp\/v2\/media?parent=40157"}],"wp:term":[{"taxonomy":"category","embeddable":true,"href":"https:\/\/noticel.com\/en\/wp-json\/wp\/v2\/categories?post=40157"},{"taxonomy":"post_tag","embeddable":true,"href":"https:\/\/noticel.com\/en\/wp-json\/wp\/v2\/tags?post=40157"}],"curies":[{"name":"wp","href":"https:\/\/api.w.org\/{rel}","templated":true}]}}