{"id":39679,"date":"2017-10-17T00:00:00","date_gmt":"2017-10-17T04:00:00","guid":{"rendered":"http:\/\/www.noticel.com\/transito\/20171017\/camion-de-basura-volcado-en-la-pr-53\/"},"modified":"2025-07-15T05:23:37","modified_gmt":"2025-07-15T05:23:37","slug":"camion-de-basura-volcado-en-la-pr-53","status":"publish","type":"post","link":"https:\/\/noticel.com\/en\/mas\/otros\/20171017\/camion-de-basura-volcado-en-la-pr-53\/","title":{"rendered":"Cami\u00f3n de basura volcado en la PR 53"},"content":{"rendered":"<p><i>El accidente se investiga.<\/i><\/p>\n<p>Un cami\u00f3n de basura se volc\u00f3 la ma\u00f1ana de hoy, martes, en la salida de la autopista PR 53 hacia la carretera PR 3 en Humacao.<\/p>\n<p>Las circunstancias del accidente siguen bajo investigaci\u00f3n. Al momento, no se han reportado heridos de gravedad.<\/p><div class=\"notic-content-middle\" id=\"notic-269816571\"><div class=\"notic-adlabel\">Advertisements<\/div><a data-no-instant=\"1\" href=\"https:\/\/qrco.de\/bgxd5v\" rel=\"noopener\" class=\"a2t-link\" target=\"_blank\" aria-label=\"DisplayAds-970&#215;2503\"><img loading=\"lazy\" decoding=\"async\" src=\"https:\/\/cdn.noticel.com\/2026\/09\/02201056\/DisplayAds-970x2503-1.jpg\" alt=\"\"  srcset=\"https:\/\/cdn.noticel.com\/2026\/09\/02201056\/DisplayAds-970x2503-1.jpg 970w, https:\/\/cdn.noticel.com\/2026\/09\/02201056\/DisplayAds-970x2503-1-300x77.jpg 300w, https:\/\/cdn.noticel.com\/2026\/09\/02201056\/DisplayAds-970x2503-1-768x198.jpg 768w, https:\/\/cdn.noticel.com\/2026\/09\/02201056\/DisplayAds-970x2503-1-18x5.jpg 18w\" sizes=\"(max-width: 970px) 100vw, 970px\" width=\"970\" height=\"250\"   \/><\/a><\/div>\n<p>Se est\u00e1 desviando el tr\u00e1nsito por la autopista PR 53, de Humacao hacia Yabucoa. Se recomienda a la ciudadan\u00eda tomar v\u00edas alternas, como es parte de la carretera PR 3.<\/p>\n<p>M\u00e1s adelante se ampliar\u00e1 la informaci\u00f3n.<\/p>","protected":false},"excerpt":{"rendered":"<p>El accidente se investiga. Un cami\u00f3n de basura se volc\u00f3 la ma\u00f1ana de hoy, martes, en la salida de la autopista PR 53 hacia la carretera PR 3 en Humacao. Las circunstancias del accidente siguen bajo investigaci\u00f3n. Al momento, no se han reportado heridos de gravedad. Se est\u00e1 desviando el tr\u00e1nsito por la autopista PR [&hellip;]<\/p>","protected":false},"author":0,"featured_media":307229,"comment_status":"closed","ping_status":"closed","sticky":false,"template":"","format":"standard","meta":{"_acf_changed":false,"_monsterinsights_skip_tracking":false,"ep_exclude_from_search":false,"footnotes":""},"categories":[83],"tags":[],"class_list":["post-39679","post","type-post","status-publish","format-standard","has-post-thumbnail","hentry","category-otros"],"acf":[],"aioseo_notices":[],"_links":{"self":[{"href":"https:\/\/noticel.com\/en\/wp-json\/wp\/v2\/posts\/39679","targetHints":{"allow":["GET"]}}],"collection":[{"href":"https:\/\/noticel.com\/en\/wp-json\/wp\/v2\/posts"}],"about":[{"href":"https:\/\/noticel.com\/en\/wp-json\/wp\/v2\/types\/post"}],"replies":[{"embeddable":true,"href":"https:\/\/noticel.com\/en\/wp-json\/wp\/v2\/comments?post=39679"}],"version-history":[{"count":1,"href":"https:\/\/noticel.com\/en\/wp-json\/wp\/v2\/posts\/39679\/revisions"}],"predecessor-version":[{"id":307231,"href":"https:\/\/noticel.com\/en\/wp-json\/wp\/v2\/posts\/39679\/revisions\/307231"}],"wp:featuredmedia":[{"embeddable":true,"href":"https:\/\/noticel.com\/en\/wp-json\/wp\/v2\/media\/307229"}],"wp:attachment":[{"href":"https:\/\/noticel.com\/en\/wp-json\/wp\/v2\/media?parent=39679"}],"wp:term":[{"taxonomy":"category","embeddable":true,"href":"https:\/\/noticel.com\/en\/wp-json\/wp\/v2\/categories?post=39679"},{"taxonomy":"post_tag","embeddable":true,"href":"https:\/\/noticel.com\/en\/wp-json\/wp\/v2\/tags?post=39679"}],"curies":[{"name":"wp","href":"https:\/\/api.w.org\/{rel}","templated":true}]}}