{"id":39671,"date":"2014-03-16T00:00:00","date_gmt":"2014-03-16T04:00:00","guid":{"rendered":"http:\/\/www.noticel.com\/vida\/20140316\/catarsis-salsera-en-su-dia-nacional-galeria\/"},"modified":"2025-07-15T05:24:38","modified_gmt":"2025-07-15T05:24:38","slug":"catarsis-salsera-en-su-dia-nacional-galeria","status":"publish","type":"post","link":"https:\/\/noticel.com\/en\/vida-y-bienestar\/20140316\/catarsis-salsera-en-su-dia-nacional-galeria\/","title":{"rendered":"Catarsis salsera en su D\u00eda Nacional (galer\u00eda)"},"content":{"rendered":"<p><i>Catarsis salsera en su D\u00eda Nacional (galer\u00eda)<\/i><\/p><div class=\"notic-content-middle\" id=\"notic-714726172\"><div class=\"notic-adlabel\">Advertisements<\/div><a data-no-instant=\"1\" href=\"https:\/\/qrco.de\/bgxd5v\" rel=\"noopener\" class=\"a2t-link\" target=\"_blank\" aria-label=\"image002\"><img loading=\"lazy\" decoding=\"async\" src=\"https:\/\/cdn.noticel.com\/2026\/09\/04152516\/image002.jpg\" alt=\"\"  srcset=\"https:\/\/cdn.noticel.com\/2026\/09\/04152516\/image002.jpg 288w, https:\/\/cdn.noticel.com\/2026\/09\/04152516\/image002-14x12.jpg 14w\" sizes=\"(max-width: 288px) 100vw, 288px\" width=\"288\" height=\"240\"   \/><\/a><\/div>","protected":false},"excerpt":{"rendered":"<p>Catarsis salsera en su D\u00eda Nacional (galer\u00eda)<\/p>","protected":false},"author":0,"featured_media":307274,"comment_status":"closed","ping_status":"closed","sticky":false,"template":"","format":"standard","meta":{"_acf_changed":false,"_monsterinsights_skip_tracking":false,"ep_exclude_from_search":false,"footnotes":""},"categories":[69],"tags":[],"class_list":["post-39671","post","type-post","status-publish","format-standard","has-post-thumbnail","hentry","category-vida-y-bienestar"],"acf":[],"aioseo_notices":[],"_links":{"self":[{"href":"https:\/\/noticel.com\/en\/wp-json\/wp\/v2\/posts\/39671","targetHints":{"allow":["GET"]}}],"collection":[{"href":"https:\/\/noticel.com\/en\/wp-json\/wp\/v2\/posts"}],"about":[{"href":"https:\/\/noticel.com\/en\/wp-json\/wp\/v2\/types\/post"}],"replies":[{"embeddable":true,"href":"https:\/\/noticel.com\/en\/wp-json\/wp\/v2\/comments?post=39671"}],"version-history":[{"count":1,"href":"https:\/\/noticel.com\/en\/wp-json\/wp\/v2\/posts\/39671\/revisions"}],"predecessor-version":[{"id":307330,"href":"https:\/\/noticel.com\/en\/wp-json\/wp\/v2\/posts\/39671\/revisions\/307330"}],"wp:featuredmedia":[{"embeddable":true,"href":"https:\/\/noticel.com\/en\/wp-json\/wp\/v2\/media\/307274"}],"wp:attachment":[{"href":"https:\/\/noticel.com\/en\/wp-json\/wp\/v2\/media?parent=39671"}],"wp:term":[{"taxonomy":"category","embeddable":true,"href":"https:\/\/noticel.com\/en\/wp-json\/wp\/v2\/categories?post=39671"},{"taxonomy":"post_tag","embeddable":true,"href":"https:\/\/noticel.com\/en\/wp-json\/wp\/v2\/tags?post=39671"}],"curies":[{"name":"wp","href":"https:\/\/api.w.org\/{rel}","templated":true}]}}