{"id":38813,"date":"2012-04-28T00:00:00","date_gmt":"2012-04-28T04:00:00","guid":{"rendered":"http:\/\/www.noticel.com\/ahora\/20120428\/autismo-confirman-aumento-y-caracteristicas\/"},"modified":"2025-07-15T07:03:25","modified_gmt":"2025-07-15T07:03:25","slug":"autismo-confirman-aumento-y-caracteristicas","status":"publish","type":"post","link":"https:\/\/noticel.com\/en\/ultima-hora\/20120428\/autismo-confirman-aumento-y-caracteristicas\/","title":{"rendered":"Autismo: confirman aumento y caracter\u00edsticas"},"content":{"rendered":"<p>Un estudio reciente del Instituto FILIUS de la Universidad de Puerto Rico presentado en el Segundo Foro de Investigaciones sobre Autismo confirma el aumento del autismo en la isla y reafirma que los ni\u00f1os que padecen esta condici\u00f3n reflejan deficiencias sociales y comportamientos repetitivos.<\/p>\n<p>El doctor Nicol\u00e1s Linares, director ejecutivo del Instituto FILIUS, condujo un estudio piloto del 2010 al 2011, en la Cl\u00ednica para Diagn\u00f3stico de Autismo del Proyecto de Autismo Infantil (PAI), que ilustra las dificultades sociales y particularidades del comportamiento que enfrentan los ni\u00f1os autistas.<\/p>\n<p>Para Linares, aunque la incidencia del autismo var\u00eda mucho seg\u00fan el m\u00e9todo diagnostico utilizado, se puede decir que &#8216;el Desorden Continuo de Autismo (DCA) ha aumentado, tanto en Puerto Rico, como a nivel mundial, en cerca de un 52 por ciento&#8217;.<\/p>\n<p>El estudio se\u00f1ala que, tomando como referencia el &#8216;Manual de diagn\u00f3stico y estad\u00edstico de los trastornos mentales&#8217; (DSM-IV, por sus siglas en ingl\u00e9s), un 51.6 por ciento de los participantes mostraba una alteraci\u00f3n cualitativa de la interacci\u00f3n social, lo que Linares puntualiz\u00f3: &#8216;fracas\u00f3 en desarrollar relaciones con los pares apropiadas para el nivel de desarrollo&#8217;.<\/p>\n<p>Un 50 por ciento de los participantes ten\u00eda entre 1 y 4 a\u00f1os, y el 40 por ciento ten\u00eda entre 5 y 8 a\u00f1os.Los participantes, que en su mayor\u00eda eran varones, una gran parte resid\u00eda en los pueblos de San Juan, Bayam\u00f3n y Carolina.<\/p>\n<p>Asimismo, un 40.3 por ciento ten\u00eda comportamientos repetitivos o estereotipados. El otro 35.5 por ciento ten\u00eda deficiencias en sus habilidades comunicativas o &#8216;ausencia de juego ficticio o juego social interactivo variado y espont\u00e1neo apropiado para el nivel de desarrollo&#8217;.<\/p>\n<p>Pese a esto, menos de la mitad de los participantes fueron diagnosticados con alguno de los tipos de DCA o desorden relacionado. En un 46.2% no se hab\u00eda establecido ning\u00fan tipo de diagn\u00f3stico.<\/p><div class=\"notic-content-middle\" id=\"notic-2100178112\"><div class=\"notic-adlabel\">Advertisements<\/div><a data-no-instant=\"1\" href=\"https:\/\/qrco.de\/bgxd5v\" rel=\"noopener\" class=\"a2t-link\" target=\"_blank\" aria-label=\"DisplayAd-970&#215;902\"><img loading=\"lazy\" decoding=\"async\" src=\"https:\/\/cdn.noticel.com\/2026\/09\/02200210\/DisplayAd-970x902-1.jpg\" alt=\"\"  srcset=\"https:\/\/cdn.noticel.com\/2026\/09\/02200210\/DisplayAd-970x902-1.jpg 970w, https:\/\/cdn.noticel.com\/2026\/09\/02200210\/DisplayAd-970x902-1-300x28.jpg 300w, https:\/\/cdn.noticel.com\/2026\/09\/02200210\/DisplayAd-970x902-1-768x71.jpg 768w, https:\/\/cdn.noticel.com\/2026\/09\/02200210\/DisplayAd-970x902-1-18x2.jpg 18w\" sizes=\"(max-width: 970px) 100vw, 970px\" width=\"970\" height=\"90\"   \/><\/a><\/div>\n<p>El estudio encontr\u00f3 otras caracter\u00edsticas asociadas a los ni\u00f1os autistas como los es que no pod\u00edan llevar un mensaje, no pod\u00edan relatar una experiencia con detalles, no pod\u00edan mantener la atenci\u00f3n por 15 minutos y no hablaban con ecolalia (la Real Academia Espa\u00f1ola lo define como una perturbaci\u00f3n del lenguaje que se distingue por la repetici\u00f3n de una frase).<\/p>\n<p>De acuerdo a Linares al tomar como base el Childhood Autismo Rating Scale, el 45.9 por ciento de los participantes presentaban un funcionamiento normal, un 22.8 por ciento un autismo bajo, un 15.7 por ciento un autismo de alto funcionamiento y otro 15.7 un autismo moderado.<\/p>\n<p>Para ver la presentaci\u00f3n del estudio pulse <a href=\"http:\/\/www.institutofilius.com\/spanish_pages\/pdf\/estudio_piloto_ninos_evaluados_PAI.pdf\" target=\"_blank\">aqu\u00ed<\/a>.<\/p>\n<p>Para ver otras investigaciones presentadas hoy sobre el autismo siga el siguiente <a href=\"http:\/\/www.institutofilius.com\/spanish_pages\/segundo_foro_inv_autismo_2012.html\" target=\"_blank\">enlace<\/a>.<\/p>\n<p>Tambi\u00e9n en NotiCel:<\/p>\n<p><a href=\"https:\/\/noticel.com\/en\/noticia\/121331\/el-reto-de-tener-un-nino-autista.html\/\">El reto de tener un ni\u00f1o autista<\/a><\/p>\n<p><a href=\"https:\/\/noticel.com\/en\/noticia\/104746\/instituto-filius-adelanta-en-genetica-y-autismo.html\/\">Instituto Filius adelanta en gen\u00e9tica y autismo<\/a><\/p>","protected":false},"excerpt":{"rendered":"<p>Un estudio reciente del Instituto FILIUS de la Universidad de Puerto Rico presentado en el Segundo Foro de Investigaciones sobre Autismo confirma el aumento del autismo en la isla y reafirma que los ni\u00f1os que padecen esta condici\u00f3n reflejan deficiencias sociales y comportamientos repetitivos. El doctor Nicol\u00e1s Linares, director ejecutivo del Instituto FILIUS, condujo un [&hellip;]<\/p>","protected":false},"author":0,"featured_media":0,"comment_status":"closed","ping_status":"closed","sticky":false,"template":"","format":"standard","meta":{"_acf_changed":false,"_monsterinsights_skip_tracking":false,"ep_exclude_from_search":false,"footnotes":""},"categories":[2],"tags":[],"class_list":["post-38813","post","type-post","status-publish","format-standard","hentry","category-ultima-hora"],"acf":[],"aioseo_notices":[],"_links":{"self":[{"href":"https:\/\/noticel.com\/en\/wp-json\/wp\/v2\/posts\/38813","targetHints":{"allow":["GET"]}}],"collection":[{"href":"https:\/\/noticel.com\/en\/wp-json\/wp\/v2\/posts"}],"about":[{"href":"https:\/\/noticel.com\/en\/wp-json\/wp\/v2\/types\/post"}],"replies":[{"embeddable":true,"href":"https:\/\/noticel.com\/en\/wp-json\/wp\/v2\/comments?post=38813"}],"version-history":[{"count":1,"href":"https:\/\/noticel.com\/en\/wp-json\/wp\/v2\/posts\/38813\/revisions"}],"predecessor-version":[{"id":314104,"href":"https:\/\/noticel.com\/en\/wp-json\/wp\/v2\/posts\/38813\/revisions\/314104"}],"wp:attachment":[{"href":"https:\/\/noticel.com\/en\/wp-json\/wp\/v2\/media?parent=38813"}],"wp:term":[{"taxonomy":"category","embeddable":true,"href":"https:\/\/noticel.com\/en\/wp-json\/wp\/v2\/categories?post=38813"},{"taxonomy":"post_tag","embeddable":true,"href":"https:\/\/noticel.com\/en\/wp-json\/wp\/v2\/tags?post=38813"}],"curies":[{"name":"wp","href":"https:\/\/api.w.org\/{rel}","templated":true}]}}