{"id":37764,"date":"2018-05-27T00:00:00","date_gmt":"2018-05-27T04:00:00","guid":{"rendered":"http:\/\/www.noticel.com\/la-calle\/policiacas\/20180527\/conductor-sin-marbete-mata-a-motorista-sin-tablilla\/"},"modified":"2025-07-15T09:10:14","modified_gmt":"2025-07-15T09:10:14","slug":"conductor-sin-marbete-mata-a-motorista-sin-tablilla","status":"publish","type":"post","link":"https:\/\/noticel.com\/en\/noticias\/la-calle\/20180527\/conductor-sin-marbete-mata-a-motorista-sin-tablilla\/","title":{"rendered":"Conductor sin marbete mata a motorista sin tablilla"},"content":{"rendered":"<p><i>El conductor arroj\u00f3 un 0.14% de alcohol<\/i><\/p>\n<p>Un hombre que viajaba por la carretera #1 en una motora sin tablilla fue impactado por un carro sin marbete caus\u00e1ndole la muerte.<\/p>\n<p>La v\u00edctima fue identificada como Jose M. B\u00e1ez Serrano, de 19 a\u00f1os, mientras que el conductor del auto Hyundai Accent fue identificado como Luis R. \u00c1lvarez L\u00f3pez, de 50 a\u00f1os.<\/p>\n<p>Seg\u00fan el parte policial, \u00c1lvarez L\u00f3pez invadi\u00f3 el carril contrario, impactando de frente a la motora, que en el momento del accidente no contaba ni con tablilla ni con luces.<\/p><div class=\"notic-content-middle\" id=\"notic-2325974356\"><div class=\"notic-adlabel\">Advertisements<\/div><a data-no-instant=\"1\" href=\"https:\/\/www.cst.pr.gov\/\" rel=\"noopener\" class=\"a2t-link\" target=\"_blank\" aria-label=\"970&#215;90\"><img loading=\"lazy\" decoding=\"async\" src=\"https:\/\/cdn.noticel.com\/2026\/09\/02203812\/970x90.jpg\" alt=\"\"  srcset=\"https:\/\/cdn.noticel.com\/2026\/09\/02203812\/970x90.jpg 970w, https:\/\/cdn.noticel.com\/2026\/09\/02203812\/970x90-300x28.jpg 300w, https:\/\/cdn.noticel.com\/2026\/09\/02203812\/970x90-768x71.jpg 768w, https:\/\/cdn.noticel.com\/2026\/09\/02203812\/970x90-18x2.jpg 18w\" sizes=\"(max-width: 970px) 100vw, 970px\" width=\"970\" height=\"90\"   \/><\/a><\/div>\n<p>De igual forma sali\u00f3 a relucir que B\u00e1ez Serrano no contaba con equipo de seguridad cuando fue chocado.<\/p>\n<p>En la prueba de alcohol, \u00c1lvarez L\u00f3pez arroj\u00f3 un 0.14% en el organismo.<\/p>\n<p>El Agente Lozada adscrito a la Divisi\u00f3n de Patrullas de Carreteras de Caguas en uni\u00f3n a la fiscal Jannelliz Acosta se hicieron cargo de la investigaci\u00f3n.<\/p>","protected":false},"excerpt":{"rendered":"<p>El conductor arroj\u00f3 un 0.14% de alcohol Un hombre que viajaba por la carretera #1 en una motora sin tablilla fue impactado por un carro sin marbete caus\u00e1ndole la muerte. La v\u00edctima fue identificada como Jose M. B\u00e1ez Serrano, de 19 a\u00f1os, mientras que el conductor del auto Hyundai Accent fue identificado como Luis R. [&hellip;]<\/p>","protected":false},"author":0,"featured_media":322297,"comment_status":"closed","ping_status":"closed","sticky":false,"template":"","format":"standard","meta":{"_acf_changed":false,"_monsterinsights_skip_tracking":false,"ep_exclude_from_search":false,"footnotes":""},"categories":[12,15],"tags":[],"class_list":["post-37764","post","type-post","status-publish","format-standard","has-post-thumbnail","hentry","category-la-calle","category-policiacas"],"acf":[],"aioseo_notices":[],"_links":{"self":[{"href":"https:\/\/noticel.com\/en\/wp-json\/wp\/v2\/posts\/37764","targetHints":{"allow":["GET"]}}],"collection":[{"href":"https:\/\/noticel.com\/en\/wp-json\/wp\/v2\/posts"}],"about":[{"href":"https:\/\/noticel.com\/en\/wp-json\/wp\/v2\/types\/post"}],"replies":[{"embeddable":true,"href":"https:\/\/noticel.com\/en\/wp-json\/wp\/v2\/comments?post=37764"}],"version-history":[{"count":1,"href":"https:\/\/noticel.com\/en\/wp-json\/wp\/v2\/posts\/37764\/revisions"}],"predecessor-version":[{"id":322300,"href":"https:\/\/noticel.com\/en\/wp-json\/wp\/v2\/posts\/37764\/revisions\/322300"}],"wp:featuredmedia":[{"embeddable":true,"href":"https:\/\/noticel.com\/en\/wp-json\/wp\/v2\/media\/322297"}],"wp:attachment":[{"href":"https:\/\/noticel.com\/en\/wp-json\/wp\/v2\/media?parent=37764"}],"wp:term":[{"taxonomy":"category","embeddable":true,"href":"https:\/\/noticel.com\/en\/wp-json\/wp\/v2\/categories?post=37764"},{"taxonomy":"post_tag","embeddable":true,"href":"https:\/\/noticel.com\/en\/wp-json\/wp\/v2\/tags?post=37764"}],"curies":[{"name":"wp","href":"https:\/\/api.w.org\/{rel}","templated":true}]}}