{"id":37632,"date":"2018-05-11T00:00:00","date_gmt":"2018-05-11T04:00:00","guid":{"rendered":"http:\/\/www.noticel.com\/ahora\/educacion\/galeria\/junta-fiscal\/la-calle\/upr\/20180511\/estudiantes-protestan-en-plaza-contra-la-junta-fiscal\/"},"modified":"2025-07-15T09:26:09","modified_gmt":"2025-07-15T09:26:09","slug":"estudiantes-protestan-en-plaza-contra-la-junta-fiscal","status":"publish","type":"post","link":"https:\/\/noticel.com\/en\/ultima-hora\/20180511\/estudiantes-protestan-en-plaza-contra-la-junta-fiscal\/","title":{"rendered":"Estudiantes protestan en Plaza contra la Junta Fiscal"},"content":{"rendered":"<p><i>Desplegaron enorme pancarta desde la terraza<\/i><\/p>\n<p>Las manifestaciones contra las medidas de austeridad impulsadaspor la Junta de Control Fiscal (JCF) y\/o la Administraci\u00f3nRossell\u00f3 Nevares no tienen \u00e1nimo de mermar luego del Paro Nacional convocado el pasado1 de mayo. Hoy, viernes, estudiantes de la Universidad de Puerto Rico (UPR) junto a otras organizaciones civilesconvocaron una&#8230;\u00a0\u00a0\u00a0\u00a0\u00a0\u00a0<\/p>","protected":false},"excerpt":{"rendered":"<p>Desplegaron enorme pancarta desde la terraza Las manifestaciones contra las medidas de austeridad impulsadaspor la Junta de Control Fiscal (JCF) y\/o la Administraci\u00f3nRossell\u00f3 Nevares no tienen \u00e1nimo de mermar luego del Paro Nacional convocado el pasado1 de mayo. Hoy, viernes, estudiantes de la Universidad de Puerto Rico (UPR) junto a otras organizaciones civilesconvocaron una&#8230;\u00a0\u00a0\u00a0\u00a0\u00a0\u00a0<\/p>","protected":false},"author":0,"featured_media":323129,"comment_status":"closed","ping_status":"closed","sticky":false,"template":"","format":"standard","meta":{"_acf_changed":false,"_monsterinsights_skip_tracking":false,"ep_exclude_from_search":false,"footnotes":""},"categories":[60,12,2],"tags":[],"class_list":["post-37632","post","type-post","status-publish","format-standard","has-post-thumbnail","hentry","category-fotos","category-la-calle","category-ultima-hora"],"acf":[],"aioseo_notices":[],"_links":{"self":[{"href":"https:\/\/noticel.com\/en\/wp-json\/wp\/v2\/posts\/37632","targetHints":{"allow":["GET"]}}],"collection":[{"href":"https:\/\/noticel.com\/en\/wp-json\/wp\/v2\/posts"}],"about":[{"href":"https:\/\/noticel.com\/en\/wp-json\/wp\/v2\/types\/post"}],"replies":[{"embeddable":true,"href":"https:\/\/noticel.com\/en\/wp-json\/wp\/v2\/comments?post=37632"}],"version-history":[{"count":1,"href":"https:\/\/noticel.com\/en\/wp-json\/wp\/v2\/posts\/37632\/revisions"}],"predecessor-version":[{"id":323168,"href":"https:\/\/noticel.com\/en\/wp-json\/wp\/v2\/posts\/37632\/revisions\/323168"}],"wp:featuredmedia":[{"embeddable":true,"href":"https:\/\/noticel.com\/en\/wp-json\/wp\/v2\/media\/323129"}],"wp:attachment":[{"href":"https:\/\/noticel.com\/en\/wp-json\/wp\/v2\/media?parent=37632"}],"wp:term":[{"taxonomy":"category","embeddable":true,"href":"https:\/\/noticel.com\/en\/wp-json\/wp\/v2\/categories?post=37632"},{"taxonomy":"post_tag","embeddable":true,"href":"https:\/\/noticel.com\/en\/wp-json\/wp\/v2\/tags?post=37632"}],"curies":[{"name":"wp","href":"https:\/\/api.w.org\/{rel}","templated":true}]}}