{"id":37448,"date":"2012-12-31T00:00:00","date_gmt":"2012-12-31T04:00:00","guid":{"rendered":"http:\/\/www.noticel.com\/la-calle\/20121231\/caravanean-en-caguas-contra-disparos-al-aire\/"},"modified":"2025-07-15T09:46:21","modified_gmt":"2025-07-15T09:46:21","slug":"caravanean-en-caguas-contra-disparos-al-aire","status":"publish","type":"post","link":"https:\/\/noticel.com\/en\/noticias\/la-calle\/20121231\/caravanean-en-caguas-contra-disparos-al-aire\/","title":{"rendered":"Caravanean en Caguas contra disparos al aire"},"content":{"rendered":"<p>El alcalde de Caguas, William Miranda Torres, encabez\u00f3 la caravana de la campa\u00f1a &#8216;Vivamos la Navidad en paz. Respeta la vida&#8217;, un llamado para evitar las fatalidades por la mala pr\u00e1ctica de los disparos al aire durante las pasadas festividades de despedida de a\u00f1o y la negligencia al conducir bajo los efectos del alcohol.<\/p>\n<p>La caravana recorri\u00f3 las principales avenidas de la ciudad. Miranda Torres estuvo acompa\u00f1ado por el presidente de Los Criollos, CPA Ra\u00fal Rodr\u00edguez; el dirigente, Pedro L\u00f3pez; el gerente del equipo Alex Cora, adem\u00e1s de los representantes Conny Varela y Jes\u00fas Santa.<\/p><div class=\"notic-content-middle\" id=\"notic-2954515171\"><div class=\"notic-adlabel\">Advertisements<\/div><a data-no-instant=\"1\" href=\"https:\/\/qrco.de\/bgxd5v\" rel=\"noopener\" class=\"a2t-link\" target=\"_blank\" aria-label=\"DisplayAd-728&#215;903\"><img loading=\"lazy\" decoding=\"async\" src=\"https:\/\/cdn.noticel.com\/2026\/09\/02195509\/DisplayAd-728x903-1.jpg\" alt=\"\"  srcset=\"https:\/\/cdn.noticel.com\/2026\/09\/02195509\/DisplayAd-728x903-1.jpg 728w, https:\/\/cdn.noticel.com\/2026\/09\/02195509\/DisplayAd-728x903-1-300x37.jpg 300w, https:\/\/cdn.noticel.com\/2026\/09\/02195509\/DisplayAd-728x903-1-18x2.jpg 18w\" sizes=\"(max-width: 728px) 100vw, 728px\" width=\"728\" height=\"90\"   \/><\/a><\/div>\n<p>Este a\u00f1o la campa\u00f1a &#8216;Vivamos la Navidad en paz. Respeta la vida&#8217; estuvo reforzada por mensajes alusivos en las redes sociales del Municipio Aut\u00f3nomo de Caguas dirigidos a concienciar a no disparar al aire durante la despedida de a\u00f1o y fue complementada por la celebraci\u00f3n por vez primera del concierto del mismo nombre celebrado este pasado s\u00e1bado.<\/p>\n<p>Durante el concierto celebrado en el Paseo de las Artes Abelardo D\u00edaz Alfaro y producido por New Heaven Promotions, participaron el cuatrista Pedro Guzm\u00e1n; Ruth Morales, cuarta finalista de Idol Kids Puerto Rico; la cantante de m\u00fasica urbana sacra, Noriel, la cantante Kelly y la agrupaci\u00f3n de Nueva Trova Nuevas Ra\u00edces de Puerto Rico.<\/p>","protected":false},"excerpt":{"rendered":"<p>El alcalde de Caguas, William Miranda Torres, encabez\u00f3 la caravana de la campa\u00f1a &#8216;Vivamos la Navidad en paz. Respeta la vida&#8217;, un llamado para evitar las fatalidades por la mala pr\u00e1ctica de los disparos al aire durante las pasadas festividades de despedida de a\u00f1o y la negligencia al conducir bajo los efectos del alcohol. La [&hellip;]<\/p>","protected":false},"author":0,"featured_media":324422,"comment_status":"closed","ping_status":"closed","sticky":false,"template":"","format":"standard","meta":{"_acf_changed":false,"_monsterinsights_skip_tracking":false,"ep_exclude_from_search":false,"footnotes":""},"categories":[12],"tags":[],"class_list":["post-37448","post","type-post","status-publish","format-standard","has-post-thumbnail","hentry","category-la-calle"],"acf":[],"aioseo_notices":[],"_links":{"self":[{"href":"https:\/\/noticel.com\/en\/wp-json\/wp\/v2\/posts\/37448","targetHints":{"allow":["GET"]}}],"collection":[{"href":"https:\/\/noticel.com\/en\/wp-json\/wp\/v2\/posts"}],"about":[{"href":"https:\/\/noticel.com\/en\/wp-json\/wp\/v2\/types\/post"}],"replies":[{"embeddable":true,"href":"https:\/\/noticel.com\/en\/wp-json\/wp\/v2\/comments?post=37448"}],"version-history":[{"count":1,"href":"https:\/\/noticel.com\/en\/wp-json\/wp\/v2\/posts\/37448\/revisions"}],"predecessor-version":[{"id":324424,"href":"https:\/\/noticel.com\/en\/wp-json\/wp\/v2\/posts\/37448\/revisions\/324424"}],"wp:featuredmedia":[{"embeddable":true,"href":"https:\/\/noticel.com\/en\/wp-json\/wp\/v2\/media\/324422"}],"wp:attachment":[{"href":"https:\/\/noticel.com\/en\/wp-json\/wp\/v2\/media?parent=37448"}],"wp:term":[{"taxonomy":"category","embeddable":true,"href":"https:\/\/noticel.com\/en\/wp-json\/wp\/v2\/categories?post=37448"},{"taxonomy":"post_tag","embeddable":true,"href":"https:\/\/noticel.com\/en\/wp-json\/wp\/v2\/tags?post=37448"}],"curies":[{"name":"wp","href":"https:\/\/api.w.org\/{rel}","templated":true}]}}