{"id":36664,"date":"2012-10-27T00:00:00","date_gmt":"2012-10-27T04:00:00","guid":{"rendered":"http:\/\/www.noticel.com\/mundo\/20121027\/berlusconi-anuncia-que-permanecera-en-la-politica-para-reformar-la-justicia\/"},"modified":"2025-07-15T10:50:46","modified_gmt":"2025-07-15T10:50:46","slug":"berlusconi-anuncia-que-permanecera-en-la-politica-para-reformar-la-justicia","status":"publish","type":"post","link":"https:\/\/noticel.com\/en\/noticias\/mundo\/20121027\/berlusconi-anuncia-que-permanecera-en-la-politica-para-reformar-la-justicia\/","title":{"rendered":"Berlusconi anuncia que permanecer\u00e1 en la pol\u00edtica para reformar la Justicia"},"content":{"rendered":"<p>El expresidente del Gobierno italiano Silvio Berlusconi anunci\u00f3 hoy su intenci\u00f3n de permanecer en la pol\u00edtica &#8216;para reformar la actual Justicia&#8217;, despues de que un Tribunal de Mil\u00e1n le condenase a 4 a\u00f1os de reclusi\u00f3n por un fraude fiscal en su consorcio medi\u00e1tico Mediaset.<\/p>\n<p>Berlusconi hab\u00eda anunciado esta semana que no se presentar\u00eda como l\u00edder de su partido el Pueblo de la Libertad (PDL) a las pr\u00f3ximas elecciones previstas para abril de 2013.<\/p>\n<p>&#8216;Me siento obligado a seguir en pol\u00edtica para reformar el planeta justicia, para que a otros ciudadanos no les pase lo que me ha pasado a mi&#8217;, dijo Berlusconi en una entrevista al canal televisivo &#8216;Canale 5&#8217;.<\/p>\n<p>Berlusconi, que esta semana anunci\u00f3 que se organizar\u00e1n unas primarias para elegir el candidato del PDL a las pr\u00f3ximas elecciones generales, no especific\u00f3 que papel mantendr\u00e1 en la pol\u00edtica y en su partido.<\/p>\n<p>El tres veces presidentes del Gobierno fue condenado ayer a 4 a\u00f1os de c\u00e1rcel y a entre 3 y 5 a\u00f1os de prohibici\u00f3n del desempe\u00f1o de distintos cargos por un delito de fraude fiscal en la compraventa de derechos de pel\u00edculas en el llamado caso Mediaset. italiano.<\/p>\n<p>Berlusconi se beneficiar\u00e1 de la ley sobre indulto aprobada en 2006, por la que se le condonar\u00e1n tres de los cuatro a\u00f1os de prisi\u00f3n y la inhabilitaci\u00f3n para cargos a la que ha sido condenado no empezar\u00e1 a contar hasta que la sentencia sea firme, por lo que es posible que el delito prescriba.<\/p>\n<p>&#8216;En Roma, el Supremo me absolvi\u00f3 totalmente por la misma materia. C\u00f3mo no se ha tenido en cuenta esto?&#8217;, dijo Berlusconi que volvi\u00f3 a atacar a la magistratura al considerar que detr\u00e1s de la sentencia de ayer hab\u00eda motivos pol\u00edticos.<\/p>\n<p>&#8216;Es incre\u00edble que en la sentencia se hable de capacidad natural para delinquir&#8217;, agreg\u00f3 Berlusconi, quien record\u00f3 que no tiene antecedentes penales y es padre de cinco hijos y abuelo de seis nietos.<\/p>\n<p>Berlusconi remarc\u00f3 que su grupo ha llegado a tener 56.000 empleados y que la evasi\u00f3n fiscal por la que se le acusa es el &#8216;1 % de lo que se ha pagado de impuestos al Estado&#8217;.<\/p>\n<p>La diputada del PDL Daniela Santanch\u00e9, que anunci\u00f3 participar\u00e1 en las primarias, anim\u00f3 tras esta declaraci\u00f3n a Berlusconi a que se presente tambi\u00e9n \u00e9l para recibir todo el consenso de los electores y volver a ser el candidato.<\/p>","protected":false},"excerpt":{"rendered":"<p>El expresidente del Gobierno italiano Silvio Berlusconi anunci\u00f3 hoy su intenci\u00f3n de permanecer en la pol\u00edtica &#8216;para reformar la actual Justicia&#8217;, despues de que un Tribunal de Mil\u00e1n le condenase a 4 a\u00f1os de reclusi\u00f3n por un fraude fiscal en su consorcio medi\u00e1tico Mediaset. Berlusconi hab\u00eda anunciado esta semana que no se presentar\u00eda como l\u00edder [&hellip;]<\/p>","protected":false},"author":0,"featured_media":328991,"comment_status":"closed","ping_status":"closed","sticky":false,"template":"","format":"standard","meta":{"_acf_changed":false,"_monsterinsights_skip_tracking":false,"ep_exclude_from_search":false,"footnotes":""},"categories":[17],"tags":[],"class_list":["post-36664","post","type-post","status-publish","format-standard","has-post-thumbnail","hentry","category-mundo"],"acf":[],"aioseo_notices":[],"_links":{"self":[{"href":"https:\/\/noticel.com\/en\/wp-json\/wp\/v2\/posts\/36664","targetHints":{"allow":["GET"]}}],"collection":[{"href":"https:\/\/noticel.com\/en\/wp-json\/wp\/v2\/posts"}],"about":[{"href":"https:\/\/noticel.com\/en\/wp-json\/wp\/v2\/types\/post"}],"replies":[{"embeddable":true,"href":"https:\/\/noticel.com\/en\/wp-json\/wp\/v2\/comments?post=36664"}],"version-history":[{"count":1,"href":"https:\/\/noticel.com\/en\/wp-json\/wp\/v2\/posts\/36664\/revisions"}],"predecessor-version":[{"id":328993,"href":"https:\/\/noticel.com\/en\/wp-json\/wp\/v2\/posts\/36664\/revisions\/328993"}],"wp:featuredmedia":[{"embeddable":true,"href":"https:\/\/noticel.com\/en\/wp-json\/wp\/v2\/media\/328991"}],"wp:attachment":[{"href":"https:\/\/noticel.com\/en\/wp-json\/wp\/v2\/media?parent=36664"}],"wp:term":[{"taxonomy":"category","embeddable":true,"href":"https:\/\/noticel.com\/en\/wp-json\/wp\/v2\/categories?post=36664"},{"taxonomy":"post_tag","embeddable":true,"href":"https:\/\/noticel.com\/en\/wp-json\/wp\/v2\/tags?post=36664"}],"curies":[{"name":"wp","href":"https:\/\/api.w.org\/{rel}","templated":true}]}}