{"id":36308,"date":"2011-10-14T00:00:00","date_gmt":"2011-10-14T04:00:00","guid":{"rendered":"http:\/\/www.noticel.com\/ahora\/20111014\/ex-sec-de-correccion-esta-cubrido-de-errores\/"},"modified":"2025-07-15T11:23:54","modified_gmt":"2025-07-15T11:23:54","slug":"ex-sec-de-correccion-esta-cubrido-de-errores","status":"publish","type":"post","link":"https:\/\/noticel.com\/en\/ultima-hora\/20111014\/ex-sec-de-correccion-esta-cubrido-de-errores\/","title":{"rendered":"Ex Sec. de Correcci\u00f3n est\u00e1 &#8216;cubrido&#8217; de errores"},"content":{"rendered":"<p>El ex secretario de Correcci\u00f3n, Carlos Molina, radic\u00f3 ayer su candidatura para la alcald\u00eda de Arecibo y cometi\u00f3 un error gramatical que demuestra que su paso por Correcci\u00f3n no lo ayud\u00f3 a hablar &#8216;correctamente&#8217;.<\/p>\n<p>Al agradecer la presencia de los medios de comunicaci\u00f3n en la actividad del anuncio de su postulaci\u00f3n para las elecciones del 2012, Molina dijo estar &#8216;agradecido a la prensa por haber <strong>cubrido<\/strong> este evento&#8217;, cuando debi\u00f3 expresar su agradecimiento a la prensa por haber <strong>cubierto<\/strong> o en tiempo presente, por<strong> cubrir<\/strong> su presentaci\u00f3n.<\/p><div class=\"notic-content-middle\" id=\"notic-1176047778\"><div class=\"notic-adlabel\">Advertisements<\/div><a data-no-instant=\"1\" href=\"https:\/\/www.asegurate-bien.com\/\" rel=\"noopener\" class=\"a2t-link\" target=\"_blank\" aria-label=\"Acodese-Adaptaciones-Noticel-300&#215;250\"><img loading=\"lazy\" decoding=\"async\" src=\"https:\/\/cdn.noticel.com\/2026\/05\/30094423\/Acodese-Adaptaciones-Noticel-300x250-1.jpg\" alt=\"\"  srcset=\"https:\/\/cdn.noticel.com\/2026\/05\/30094423\/Acodese-Adaptaciones-Noticel-300x250-1.jpg 300w, https:\/\/cdn.noticel.com\/2026\/05\/30094423\/Acodese-Adaptaciones-Noticel-300x250-1-14x12.jpg 14w\" sizes=\"(max-width: 300px) 100vw, 300px\" width=\"300\" height=\"250\"   \/><\/a><\/div>\n<p>Hace unos meses, Molina sorprendi\u00f3 por su escasa preparaci\u00f3n cuando en un programa lo invitaron a mencionar pueblos de la isla que se escriben con la letra G, e incluy\u00f3 a Jayuya, que se escribe con J y no con G.<\/p>\n<p>Los periodistas, sorprendidos y risue\u00f1os con el nuevo dislate de Molina, se preparan para, en caso de que gane la alcald\u00eda de Arecibo, recibir comunicados llenos de errores ortogr\u00e1ficos y para prevenir, le mandaron avisar al candidato que Arecibo se escribe sin H y con B de bueno.<\/p>","protected":false},"excerpt":{"rendered":"<p>El ex secretario de Correcci\u00f3n, Carlos Molina, radic\u00f3 ayer su candidatura para la alcald\u00eda de Arecibo y cometi\u00f3 un error gramatical que demuestra que su paso por Correcci\u00f3n no lo ayud\u00f3 a hablar &#8216;correctamente&#8217;. Al agradecer la presencia de los medios de comunicaci\u00f3n en la actividad del anuncio de su postulaci\u00f3n para las elecciones del [&hellip;]<\/p>","protected":false},"author":0,"featured_media":331133,"comment_status":"closed","ping_status":"closed","sticky":false,"template":"","format":"standard","meta":{"_acf_changed":false,"_monsterinsights_skip_tracking":false,"ep_exclude_from_search":false,"footnotes":""},"categories":[2],"tags":[],"class_list":["post-36308","post","type-post","status-publish","format-standard","has-post-thumbnail","hentry","category-ultima-hora"],"acf":[],"aioseo_notices":[],"_links":{"self":[{"href":"https:\/\/noticel.com\/en\/wp-json\/wp\/v2\/posts\/36308","targetHints":{"allow":["GET"]}}],"collection":[{"href":"https:\/\/noticel.com\/en\/wp-json\/wp\/v2\/posts"}],"about":[{"href":"https:\/\/noticel.com\/en\/wp-json\/wp\/v2\/types\/post"}],"replies":[{"embeddable":true,"href":"https:\/\/noticel.com\/en\/wp-json\/wp\/v2\/comments?post=36308"}],"version-history":[{"count":1,"href":"https:\/\/noticel.com\/en\/wp-json\/wp\/v2\/posts\/36308\/revisions"}],"predecessor-version":[{"id":331142,"href":"https:\/\/noticel.com\/en\/wp-json\/wp\/v2\/posts\/36308\/revisions\/331142"}],"wp:featuredmedia":[{"embeddable":true,"href":"https:\/\/noticel.com\/en\/wp-json\/wp\/v2\/media\/331133"}],"wp:attachment":[{"href":"https:\/\/noticel.com\/en\/wp-json\/wp\/v2\/media?parent=36308"}],"wp:term":[{"taxonomy":"category","embeddable":true,"href":"https:\/\/noticel.com\/en\/wp-json\/wp\/v2\/categories?post=36308"},{"taxonomy":"post_tag","embeddable":true,"href":"https:\/\/noticel.com\/en\/wp-json\/wp\/v2\/tags?post=36308"}],"curies":[{"name":"wp","href":"https:\/\/api.w.org\/{rel}","templated":true}]}}