{"id":36040,"date":"2012-11-16T00:00:00","date_gmt":"2012-11-16T04:00:00","guid":{"rendered":"http:\/\/www.noticel.com\/mundo\/20121116\/fuerza-aerea-israeli-bombardea-el-ministerio-del-interior-en-gaza\/"},"modified":"2025-07-15T11:44:16","modified_gmt":"2025-07-15T11:44:16","slug":"fuerza-aerea-israeli-bombardea-el-ministerio-del-interior-en-gaza","status":"publish","type":"post","link":"https:\/\/noticel.com\/en\/noticias\/mundo\/20121116\/fuerza-aerea-israeli-bombardea-el-ministerio-del-interior-en-gaza\/","title":{"rendered":"Fuerza A\u00e9rea israel\u00ed bombardea el Ministerio del Interior en Gaza"},"content":{"rendered":"<p>La Fuerza Aerea israel\u00ed bombarde\u00f3 hoy el Ministerio del Interior del Gobierno de Ham\u00e1s en la ciudad de Gaza, inform\u00f3 la agencia palestina Maan.<\/p>\n<p>El ataque, a primera hora de la ma\u00f1ana, sigue a una madrugada de continuos bombardeos de posiciones de grupos armados e instituciones p\u00fablicas de Ham\u00e1s, dentro de la ofensiva que Israel comenz\u00f3 el mi\u00e9rcoles bajo el nombre de Pilar Defensivo.<\/p>\n<p>Los servicios de emergencia apagaron el fuego en el Ministerio, situado en el barrio de Tel al-Hawa, y trasladaron a los heridos del ataque a los hospitales.<\/p>\n<p>La agencia no menciona el n\u00famero de v\u00edctimas en este ataque pero precisa que son vecinos de una zona residencial aleda\u00f1a a la sede ministerial.<\/p><div class=\"notic-content-middle\" id=\"notic-1351264326\"><div class=\"notic-adlabel\">Advertisements<\/div><a data-no-instant=\"1\" href=\"https:\/\/qrco.de\/bgxd5v\" rel=\"noopener\" class=\"a2t-link\" target=\"_blank\" aria-label=\"DisplayAds-970&#215;2502\"><img loading=\"lazy\" decoding=\"async\" src=\"https:\/\/cdn.noticel.com\/2026\/09\/02200838\/DisplayAds-970x2502-1.jpg\" alt=\"\"  srcset=\"https:\/\/cdn.noticel.com\/2026\/09\/02200838\/DisplayAds-970x2502-1.jpg 970w, https:\/\/cdn.noticel.com\/2026\/09\/02200838\/DisplayAds-970x2502-1-300x77.jpg 300w, https:\/\/cdn.noticel.com\/2026\/09\/02200838\/DisplayAds-970x2502-1-768x198.jpg 768w, https:\/\/cdn.noticel.com\/2026\/09\/02200838\/DisplayAds-970x2502-1-18x5.jpg 18w\" sizes=\"(max-width: 970px) 100vw, 970px\" width=\"970\" height=\"250\"   \/><\/a><\/div>\n<p>Fuentes del citado Ministerio aseguraron que el 90 por ciento de los archivos personales y documentaci\u00f3n est\u00e1n digitalizados y por tanto no han sufrido da\u00f1os.<\/p>\n<p>El ala bombardeada del Ministerio es la de Asuntos Civiles, y contiene los archivos del Registro Civil palestino de los \u00faltimos 70 a\u00f1os.<\/p>\n<p>A causa de la ofensiva militar en Gaza han muerto hasta ahora 19 palestinos y 3 israel\u00edes.<\/p>\n<p>Israel anunci\u00f3 hoy que respetar\u00eda una tregua de tres horas con motivo de la visita de solidaridad que realiza a la zona el primer ministro egipcio, Hisham Kandil.<\/p>","protected":false},"excerpt":{"rendered":"<p>La Fuerza Aerea israel\u00ed bombarde\u00f3 hoy el Ministerio del Interior del Gobierno de Ham\u00e1s en la ciudad de Gaza, inform\u00f3 la agencia palestina Maan. El ataque, a primera hora de la ma\u00f1ana, sigue a una madrugada de continuos bombardeos de posiciones de grupos armados e instituciones p\u00fablicas de Ham\u00e1s, dentro de la ofensiva que Israel [&hellip;]<\/p>","protected":false},"author":0,"featured_media":332700,"comment_status":"closed","ping_status":"closed","sticky":false,"template":"","format":"standard","meta":{"_acf_changed":false,"_monsterinsights_skip_tracking":false,"ep_exclude_from_search":false,"footnotes":""},"categories":[17],"tags":[],"class_list":["post-36040","post","type-post","status-publish","format-standard","has-post-thumbnail","hentry","category-mundo"],"acf":[],"aioseo_notices":[],"_links":{"self":[{"href":"https:\/\/noticel.com\/en\/wp-json\/wp\/v2\/posts\/36040","targetHints":{"allow":["GET"]}}],"collection":[{"href":"https:\/\/noticel.com\/en\/wp-json\/wp\/v2\/posts"}],"about":[{"href":"https:\/\/noticel.com\/en\/wp-json\/wp\/v2\/types\/post"}],"replies":[{"embeddable":true,"href":"https:\/\/noticel.com\/en\/wp-json\/wp\/v2\/comments?post=36040"}],"version-history":[{"count":1,"href":"https:\/\/noticel.com\/en\/wp-json\/wp\/v2\/posts\/36040\/revisions"}],"predecessor-version":[{"id":332702,"href":"https:\/\/noticel.com\/en\/wp-json\/wp\/v2\/posts\/36040\/revisions\/332702"}],"wp:featuredmedia":[{"embeddable":true,"href":"https:\/\/noticel.com\/en\/wp-json\/wp\/v2\/media\/332700"}],"wp:attachment":[{"href":"https:\/\/noticel.com\/en\/wp-json\/wp\/v2\/media?parent=36040"}],"wp:term":[{"taxonomy":"category","embeddable":true,"href":"https:\/\/noticel.com\/en\/wp-json\/wp\/v2\/categories?post=36040"},{"taxonomy":"post_tag","embeddable":true,"href":"https:\/\/noticel.com\/en\/wp-json\/wp\/v2\/tags?post=36040"}],"curies":[{"name":"wp","href":"https:\/\/api.w.org\/{rel}","templated":true}]}}