{"id":35651,"date":"2014-08-21T00:00:00","date_gmt":"2014-08-21T04:00:00","guid":{"rendered":"http:\/\/www.noticel.com\/vida\/20140821\/billy-crystal-homenajeara-a-robin-williams-en-gala-de-los-emmy\/"},"modified":"2025-07-15T12:14:47","modified_gmt":"2025-07-15T12:14:47","slug":"billy-crystal-homenajeara-a-robin-williams-en-gala-de-los-emmy","status":"publish","type":"post","link":"https:\/\/noticel.com\/en\/vida-y-bienestar\/20140821\/billy-crystal-homenajeara-a-robin-williams-en-gala-de-los-emmy\/","title":{"rendered":"Billy Crystal homenajear\u00e1 a Robin Williams en gala de los Emmy"},"content":{"rendered":"<p>El c\u00f3mico Billy Crystal ser\u00e1 el encargado de homenajear al actor Robin Williams, fallecido este mes en su domicilio en circunstancias que apuntan al suicidio, durante la ceremonia de los premios Emmy del pr\u00f3ximo lunes en Los \u00c1ngeles, seg\u00fan confirm\u00f3 este miercoles la Academia de la Televisi\u00f3n de EE.UU.<\/p>\n<p>El productor ejecutivo de la 66 edici\u00f3n de estos galardones, los \u00d3scar de la peque\u00f1a pantalla, Don Mischer, dio a conocer algunos de los detalles del tributo que la organizaci\u00f3n rendir\u00e1 a Williams, quien a lo largo de su carrera fue nominado en nueve ocasiones a los Emmy y premiado en dos.<\/p>\n<p>Crystal ser\u00e1 el encargado de recordar la figura de Williams, que en televisi\u00f3n trabaj\u00f3 en series como &#8216;Mork &lt;&gt;&lt;&gt;&lt;&gt;&lt;&gt;&lt;&gt;&lt;&gt;&lt;&gt;&lt;&gt;&lt;&gt;&amp; Mindy&#8217; (1978-1982) y m\u00e1s recientemente en &#8216;The Crazy Ones&#8217; (2013-2014), durante el tradicional segmento dedicado a los artistas fallecidos en el \u00faltimo a\u00f1o.\/p<\/p>\n<p>p<\/p>\n<p>La cantante Sara Bareilles pondr\u00e1 m\u00fasica a ese tramo de la ceremonia.\/p<\/p>\n<p>p<\/p><div class=\"notic-content-middle\" id=\"notic-944469025\"><div class=\"notic-adlabel\">Advertisements<\/div><img loading=\"lazy\" decoding=\"async\" src=\"https:\/\/cdn.noticel.com\/2026\/09\/02203441\/728x90.jpg\" alt=\"\"  srcset=\"https:\/\/cdn.noticel.com\/2026\/09\/02203441\/728x90.jpg 728w, https:\/\/cdn.noticel.com\/2026\/09\/02203441\/728x90-300x37.jpg 300w, https:\/\/cdn.noticel.com\/2026\/09\/02203441\/728x90-18x2.jpg 18w\" sizes=\"(max-width: 728px) 100vw, 728px\" width=\"728\" height=\"90\"   \/><\/div>\n<p>Robin Williams muri\u00f3 asfixiado despu\u00e9s de, aparentemente, quitarse la vida ahorc\u00e1ndose con un cintur\u00f3n en un dormitorio de su domicilio en el norte de California.\/p<\/p>\n<p>p<\/p>\n<p>El actor atravesaba por un per\u00edodo de depresi\u00f3n y le hab\u00edan diagnosticado recientemente que padec\u00eda la enfermedad de Parkinson.\/p<\/p>\n<p>p<\/p>\n<p>La gala de la 66 edici\u00f3n de los Emmy ser\u00e1 retransmitida en directo para EE.UU. a partir de las 5:00 hora local de Los \u00c1ngeles del lunes 25 de agostodesde el teatro Nokia situado en el centro de la urbe californiana.\/p<\/p>","protected":false},"excerpt":{"rendered":"<p>El c\u00f3mico Billy Crystal ser\u00e1 el encargado de homenajear al actor Robin Williams, fallecido este mes en su domicilio en circunstancias que apuntan al suicidio, durante la ceremonia de los premios Emmy del pr\u00f3ximo lunes en Los \u00c1ngeles, seg\u00fan confirm\u00f3 este miercoles la Academia de la Televisi\u00f3n de EE.UU. El productor ejecutivo de la 66 [&hellip;]<\/p>","protected":false},"author":0,"featured_media":335188,"comment_status":"closed","ping_status":"closed","sticky":false,"template":"","format":"standard","meta":{"_acf_changed":false,"_monsterinsights_skip_tracking":false,"ep_exclude_from_search":false,"footnotes":""},"categories":[69],"tags":[],"class_list":["post-35651","post","type-post","status-publish","format-standard","has-post-thumbnail","hentry","category-vida-y-bienestar"],"acf":[],"aioseo_notices":[],"_links":{"self":[{"href":"https:\/\/noticel.com\/en\/wp-json\/wp\/v2\/posts\/35651","targetHints":{"allow":["GET"]}}],"collection":[{"href":"https:\/\/noticel.com\/en\/wp-json\/wp\/v2\/posts"}],"about":[{"href":"https:\/\/noticel.com\/en\/wp-json\/wp\/v2\/types\/post"}],"replies":[{"embeddable":true,"href":"https:\/\/noticel.com\/en\/wp-json\/wp\/v2\/comments?post=35651"}],"version-history":[{"count":1,"href":"https:\/\/noticel.com\/en\/wp-json\/wp\/v2\/posts\/35651\/revisions"}],"predecessor-version":[{"id":335189,"href":"https:\/\/noticel.com\/en\/wp-json\/wp\/v2\/posts\/35651\/revisions\/335189"}],"wp:featuredmedia":[{"embeddable":true,"href":"https:\/\/noticel.com\/en\/wp-json\/wp\/v2\/media\/335188"}],"wp:attachment":[{"href":"https:\/\/noticel.com\/en\/wp-json\/wp\/v2\/media?parent=35651"}],"wp:term":[{"taxonomy":"category","embeddable":true,"href":"https:\/\/noticel.com\/en\/wp-json\/wp\/v2\/categories?post=35651"},{"taxonomy":"post_tag","embeddable":true,"href":"https:\/\/noticel.com\/en\/wp-json\/wp\/v2\/tags?post=35651"}],"curies":[{"name":"wp","href":"https:\/\/api.w.org\/{rel}","templated":true}]}}