{"id":34388,"date":"2012-01-27T00:00:00","date_gmt":"2012-01-27T04:00:00","guid":{"rendered":"http:\/\/www.noticel.com\/la-calle\/20120127\/procuradora-con-ayuda-a-mujeres-en-jayuya\/"},"modified":"2025-07-15T14:11:05","modified_gmt":"2025-07-15T14:11:05","slug":"procuradora-con-ayuda-a-mujeres-en-jayuya","status":"publish","type":"post","link":"https:\/\/noticel.com\/en\/noticias\/la-calle\/20120127\/procuradora-con-ayuda-a-mujeres-en-jayuya\/","title":{"rendered":"Procuradora con ayuda a mujeres en Jayuya"},"content":{"rendered":"<p>La procuradora de las mujeres, Wanda V\u00e1zquez Garced, se traslad\u00f3 el viernes a la Universidad Metropolitana (UMET) de Jayuya junto al Consejo Consultivo de la Oficina de la Procuradora de las Mujeres, para celebrar el Segundo Congreso Regional de la Monta\u00f1a 2012.<\/p>\n<p>&#8216;Nuestro inter\u00e9s es investigar las necesidades espec\u00edficas y las problem\u00e1ticas que enfrentan nuestras f\u00e9minas de la regi\u00f3n central junto al Consejo Consultivo, y as\u00ed, delinear estrategias y pol\u00edtica p\u00fablica que les beneficie&#8217;, recalc\u00f3 la procuradora de la Mujer en un comunicado de prensa.<\/p>\n<p>Estas iniciativas promueven la autogesti\u00f3n e introspecci\u00f3n sobre las necesidades de esta regi\u00f3n que son indispensables para el desarrollo de la mujer, destac\u00f3 Irma del Pilar Cruz, directora de UMET Jayuya.<\/p>\n<p>Durante el congreso se discutieron temas como la necesidad de vivienda, salud, cuido de ni\u00f1os y ni\u00f1as, empleo, violencia dom\u00e9stica, entre otros.<\/p>","protected":false},"excerpt":{"rendered":"<p>La procuradora de las mujeres, Wanda V\u00e1zquez Garced, se traslad\u00f3 el viernes a la Universidad Metropolitana (UMET) de Jayuya junto al Consejo Consultivo de la Oficina de la Procuradora de las Mujeres, para celebrar el Segundo Congreso Regional de la Monta\u00f1a 2012. &#8216;Nuestro inter\u00e9s es investigar las necesidades espec\u00edficas y las problem\u00e1ticas que enfrentan nuestras [&hellip;]<\/p>","protected":false},"author":0,"featured_media":344517,"comment_status":"closed","ping_status":"closed","sticky":false,"template":"","format":"standard","meta":{"_acf_changed":false,"_monsterinsights_skip_tracking":false,"ep_exclude_from_search":false,"footnotes":""},"categories":[12],"tags":[],"class_list":["post-34388","post","type-post","status-publish","format-standard","has-post-thumbnail","hentry","category-la-calle"],"acf":[],"aioseo_notices":[],"_links":{"self":[{"href":"https:\/\/noticel.com\/en\/wp-json\/wp\/v2\/posts\/34388","targetHints":{"allow":["GET"]}}],"collection":[{"href":"https:\/\/noticel.com\/en\/wp-json\/wp\/v2\/posts"}],"about":[{"href":"https:\/\/noticel.com\/en\/wp-json\/wp\/v2\/types\/post"}],"replies":[{"embeddable":true,"href":"https:\/\/noticel.com\/en\/wp-json\/wp\/v2\/comments?post=34388"}],"version-history":[{"count":1,"href":"https:\/\/noticel.com\/en\/wp-json\/wp\/v2\/posts\/34388\/revisions"}],"predecessor-version":[{"id":344520,"href":"https:\/\/noticel.com\/en\/wp-json\/wp\/v2\/posts\/34388\/revisions\/344520"}],"wp:featuredmedia":[{"embeddable":true,"href":"https:\/\/noticel.com\/en\/wp-json\/wp\/v2\/media\/344517"}],"wp:attachment":[{"href":"https:\/\/noticel.com\/en\/wp-json\/wp\/v2\/media?parent=34388"}],"wp:term":[{"taxonomy":"category","embeddable":true,"href":"https:\/\/noticel.com\/en\/wp-json\/wp\/v2\/categories?post=34388"},{"taxonomy":"post_tag","embeddable":true,"href":"https:\/\/noticel.com\/en\/wp-json\/wp\/v2\/tags?post=34388"}],"curies":[{"name":"wp","href":"https:\/\/api.w.org\/{rel}","templated":true}]}}