{"id":34079,"date":"2015-02-09T00:00:00","date_gmt":"2015-02-09T04:00:00","guid":{"rendered":"http:\/\/www.noticel.com\/la-calle\/20150209\/con-sospechoso-y-vehiculo-identificados-policia-da-extrano-giro-a-caso-iva-2\/"},"modified":"2025-07-15T14:36:11","modified_gmt":"2025-07-15T14:36:11","slug":"con-sospechoso-y-vehiculo-identificados-policia-da-extrano-giro-a-caso-iva-2","status":"publish","type":"post","link":"https:\/\/noticel.com\/en\/noticias\/la-calle\/20150209\/con-sospechoso-y-vehiculo-identificados-policia-da-extrano-giro-a-caso-iva-2\/","title":{"rendered":"Con sospechoso y veh\u00edculo identificados, Polic\u00eda da extra\u00f1o giro a caso Iva"},"content":{"rendered":"<p><i>Con sospechoso y veh\u00edculo identificados,&#8230;<\/i><\/p><div class=\"notic-content-middle\" id=\"notic-1985435695\"><div class=\"notic-adlabel\">Advertisements<\/div><a data-no-instant=\"1\" href=\"https:\/\/www.cst.pr.gov\/\" rel=\"noopener\" class=\"a2t-link\" target=\"_blank\" aria-label=\"300&#215;600\"><img loading=\"lazy\" decoding=\"async\" src=\"https:\/\/cdn.noticel.com\/2026\/09\/02203205\/300x600-1.jpg\" alt=\"\"  srcset=\"https:\/\/cdn.noticel.com\/2026\/09\/02203205\/300x600-1.jpg 300w, https:\/\/cdn.noticel.com\/2026\/09\/02203205\/300x600-1-150x300.jpg 150w, https:\/\/cdn.noticel.com\/2026\/09\/02203205\/300x600-1-6x12.jpg 6w\" sizes=\"(max-width: 300px) 100vw, 300px\" width=\"300\" height=\"600\"   \/><\/a><\/div>","protected":false},"excerpt":{"rendered":"<p>Con sospechoso y veh\u00edculo identificados,&#8230;<\/p>","protected":false},"author":0,"featured_media":346730,"comment_status":"closed","ping_status":"closed","sticky":false,"template":"","format":"standard","meta":{"_acf_changed":false,"_monsterinsights_skip_tracking":false,"ep_exclude_from_search":false,"footnotes":""},"categories":[12],"tags":[],"class_list":["post-34079","post","type-post","status-publish","format-standard","has-post-thumbnail","hentry","category-la-calle"],"acf":[],"aioseo_notices":[],"_links":{"self":[{"href":"https:\/\/noticel.com\/en\/wp-json\/wp\/v2\/posts\/34079","targetHints":{"allow":["GET"]}}],"collection":[{"href":"https:\/\/noticel.com\/en\/wp-json\/wp\/v2\/posts"}],"about":[{"href":"https:\/\/noticel.com\/en\/wp-json\/wp\/v2\/types\/post"}],"replies":[{"embeddable":true,"href":"https:\/\/noticel.com\/en\/wp-json\/wp\/v2\/comments?post=34079"}],"version-history":[{"count":1,"href":"https:\/\/noticel.com\/en\/wp-json\/wp\/v2\/posts\/34079\/revisions"}],"predecessor-version":[{"id":346731,"href":"https:\/\/noticel.com\/en\/wp-json\/wp\/v2\/posts\/34079\/revisions\/346731"}],"wp:featuredmedia":[{"embeddable":true,"href":"https:\/\/noticel.com\/en\/wp-json\/wp\/v2\/media\/346730"}],"wp:attachment":[{"href":"https:\/\/noticel.com\/en\/wp-json\/wp\/v2\/media?parent=34079"}],"wp:term":[{"taxonomy":"category","embeddable":true,"href":"https:\/\/noticel.com\/en\/wp-json\/wp\/v2\/categories?post=34079"},{"taxonomy":"post_tag","embeddable":true,"href":"https:\/\/noticel.com\/en\/wp-json\/wp\/v2\/tags?post=34079"}],"curies":[{"name":"wp","href":"https:\/\/api.w.org\/{rel}","templated":true}]}}